{"id":1028,"date":"2023-12-20T16:36:44","date_gmt":"2023-12-20T15:36:44","guid":{"rendered":"https:\/\/sudeducation6440.org\/?p=1028"},"modified":"2023-12-20T16:36:44","modified_gmt":"2023-12-20T15:36:44","slug":"loi-immigration-le-racisme-systemique-continue-sa-progression-dans-la-societe-comme-a-luniversite","status":"publish","type":"post","link":"https:\/\/sudeducation6440.org\/index.php\/2023\/12\/20\/loi-immigration-le-racisme-systemique-continue-sa-progression-dans-la-societe-comme-a-luniversite\/","title":{"rendered":"Loi immigration\u00a0: le racisme syst\u00e9mique continue sa progression, dans la soci\u00e9t\u00e9 comme \u00e0\u00a0l\u2019universit\u00e9."},"content":{"rendered":"\n<h2 class=\"wp-block-heading has-white-color has-text-color has-background has-link-color wp-elements-2d96b192b6626583f5ee7a42427e74f7\" style=\"background-color:#282828;text-transform:uppercase\">Loi immigration\u00a0: le racisme syst\u00e9mique continue sa progression, dans la soci\u00e9t\u00e9 comme \u00e0\u00a0l\u2019universit\u00e9.<\/h2>\n\n\n\n<p>La loi \u201cAsile et immigration\u201d vot\u00e9e le 19 d\u00e9cembre main dans la main entre la \u201cmajorit\u00e9\u201d pr\u00e9sidentielle, LR et le RN durcit l\u2019acc\u00e8s \u00e0 un titre de s\u00e9jour et met en place&nbsp; des mesures toujours plus r\u00e9pressives \u00e0 l\u2019encontre des personnes exil\u00e9es et dites sans-papiers : restrictions d\u2019acc\u00e8s aux titres de s\u00e9jour \u201cvie priv\u00e9e et familiale\u201d, \u00e9tudiant.es et \u00e9tranger.es malades ainsi qu\u2019au droit d\u2019asile ; restrictions d\u2019acc\u00e8s au regroupement familial et \u00e0 la nationalit\u00e9 fran\u00e7aise ; extension des mesures de r\u00e9pression (p\u00e9nalisation, fichage), d\u2019expulsion et de retrait de titres de s\u00e9jour ; restriction des droits (\u00e0 la sant\u00e9, \u00e0 se d\u00e9fendre) et augmentation de l\u2019enfermement en centre de r\u00e9tention.<\/p>\n\n\n\n<p>Depuis 1986, ce ne sont pas moins de 27 lois qui ont modifi\u00e9 le Code de l&rsquo;entr\u00e9e et du s\u00e9jour des \u00e9trangers et du droit d&rsquo;asile. La loi Darmanin s\u2019inscrit dans la continuit\u00e9 d\u2019une politique x\u00e9nophobe qui m\u00e8ne la guerre aux personnes que l\u2019\u00c9tat consid\u00e8re comme ind\u00e9sirables. L&rsquo;extr\u00eame-droite aboie et mord, le gouvernement suit la meute et l\u00e9gif\u00e8re.<\/p>\n\n\n\n<p>Cette loi s\u2019inscrit \u00e9galement dans la logique s\u00e9curitaire et raciste en marche en \u00e9largissant les possibilit\u00e9s de retrait de titres de s\u00e9jour et en allongeant la dur\u00e9e de l\u2019interdiction de retour.<\/p>\n\n\n\n<p>Le projet pr\u00e9voit des dispositions qui impacteront fortement les \u00e9tudiant.es \u00e9tranger.es en France :<\/p>\n\n\n\n<ul class=\"wp-block-list\">\n<li><strong>Une \u00ab\u00a0caution\u00a0\u00bb de retour obligatoire<\/strong> ; \u00e0 savoir le \u00ab\u00a0d\u00e9p\u00f4t pr\u00e9alable d\u2019une caution retour pour la d\u00e9livrance d\u2019un titre de s\u00e9jour pour motifs d\u2019\u00e9tudes\u00a0\u00bb. Cette somme serait \u00ab\u00a0restitu\u00e9e \u00e0 l\u2019\u00e9tranger lorsqu\u2019il quitte la France \u00e0 l\u2019expiration du titre de s\u00e9jour pr\u00e9cit\u00e9, en cas de renouvellement de ce titre de s\u00e9jour ou en cas d\u2019obtention d\u2019un autre titre de s\u00e9jour avec changement de motif\u00a0\u00bb. Le texte pr\u00e9voit en outre que la caution soit \u00ab\u00a0d\u00e9finitivement retenue lorsque l\u2019\u00e9tranger s\u2019est soustrait \u00e0 l\u2019ex\u00e9cution d\u2019une d\u00e9cision d\u2019\u00e9loignement\u00a0\u00bb. Cette taxe permettra d\u2019\u00e9carter la venue d\u2019\u00e9tudiant-es \u00e9trangers.\u00e8res aux faibles ressources, en bref, une immigration choisie et discriminatoire.<\/li>\n<\/ul>\n\n\n\n<ul class=\"wp-block-list\">\n<li>Les <strong>frais d\u2019inscription seront \u00ab\u00a0major\u00e9s pour les \u00e9trangers non ressortissants de l\u2019Union europ\u00e9enne\u00a0\u00bb. <\/strong>Mesure d\u00e9j\u00e0 mise en place dans le cadre du plan \u00ab\u00a0Bienvenue en France\u00a0\u00bb, mais jamais inscrite dans la loi jusqu\u2019ici.<\/li>\n\n\n\n<li><strong>\u00ab\u00a0la carte de s\u00e9jour pluriannuelle portant la mention \u00ab\u00a0\u00e9tudiant\u00a0\u00bb pourra \u00eatre retir\u00e9e<\/strong> \u00e0 l\u2019\u00e9tranger qui ne respecte pas l\u2019obligation annuelle de justification du caract\u00e8re r\u00e9el et s\u00e9rieux des \u00e9tudes\u00a0\u00bb<\/li>\n\n\n\n<li><strong>un contr\u00f4le accru pour les visas de long s\u00e9jour portant la mention \u00ab\u00a0\u00e9tudiant\u00a0\u00bb<\/strong><\/li>\n<\/ul>\n\n\n\n<p>De nombreuses pr\u00e9sidences d\u2019universit\u00e9s et grandes \u00e9coles ainsi que la ministre ont fait conna\u00eetre leur opposition \u00e0 ces mesures discriminatoires. Nous ne nous y trompons pas, elles le font premi\u00e8rement pour des raisons de rayonnement de leur \u00e9tablissement dans les classements internationaux, France universit\u00e9 ne contestant pas aux autorit\u00e9s fran\u00e7aises le pouvoir d\u2019autoriser ou non l\u2019acc\u00e8s au territoire.<\/p>\n\n\n\n<p>Face \u00e0 ce projet de loi x\u00e9nophobe, raciste et discriminatoire, Sud \u00e9ducation revendique le libre acc\u00e8s \u00e0 l\u2019ESR pour tou-te-s les \u00e9tudiant-es \u00e9trangers et la r\u00e9gularisation de tou.tes les personnes sans-papiers . Nous ne laisserons pas l\u2019universit\u00e9 devenir un instrument de tri nationaliste qui replie notre communaut\u00e9 sur elle-m\u00eame.<\/p>\n\n\n\n<p>Pour d\u00e9fendre les droits des \u00e9tudiant-es \u00e9trangers avec ou sans papiers sur nos campus, SUD \u00e9ducation a particip\u00e9 \u00e0 l\u2019\u00e9laboration de ce guide, pr\u00e9cieux dans la p\u00e9riode. <a href=\"https:\/\/www.gisti.org\/spip.php?article7119#tele\">Accompagner les \u00e9tudiantes et les \u00e9tudiants \u00e9trangers avec ou sans papiers<\/a><\/p>\n","protected":false},"excerpt":{"rendered":"<p>Loi immigration\u00a0: le racisme syst\u00e9mique continue sa progression, dans la soci\u00e9t\u00e9 comme \u00e0\u00a0l\u2019universit\u00e9. La loi \u201cAsile et immigration\u201d vot\u00e9e le 19 d\u00e9cembre main dans la main entre la \u201cmajorit\u00e9\u201d pr\u00e9sidentielle, [&hellip;]<\/p>\n","protected":false},"author":1,"featured_media":0,"comment_status":"open","ping_status":"open","sticky":false,"template":"","format":"standard","meta":{"footnotes":""},"categories":[1],"tags":[],"class_list":["post-1028","post","type-post","status-publish","format-standard","hentry","category-non-classe","entry"],"_links":{"self":[{"href":"https:\/\/sudeducation6440.org\/index.php\/wp-json\/wp\/v2\/posts\/1028","targetHints":{"allow":["GET"]}}],"collection":[{"href":"https:\/\/sudeducation6440.org\/index.php\/wp-json\/wp\/v2\/posts"}],"about":[{"href":"https:\/\/sudeducation6440.org\/index.php\/wp-json\/wp\/v2\/types\/post"}],"author":[{"embeddable":true,"href":"https:\/\/sudeducation6440.org\/index.php\/wp-json\/wp\/v2\/users\/1"}],"replies":[{"embeddable":true,"href":"https:\/\/sudeducation6440.org\/index.php\/wp-json\/wp\/v2\/comments?post=1028"}],"version-history":[{"count":1,"href":"https:\/\/sudeducation6440.org\/index.php\/wp-json\/wp\/v2\/posts\/1028\/revisions"}],"predecessor-version":[{"id":1029,"href":"https:\/\/sudeducation6440.org\/index.php\/wp-json\/wp\/v2\/posts\/1028\/revisions\/1029"}],"wp:attachment":[{"href":"https:\/\/sudeducation6440.org\/index.php\/wp-json\/wp\/v2\/media?parent=1028"}],"wp:term":[{"taxonomy":"category","embeddable":true,"href":"https:\/\/sudeducation6440.org\/index.php\/wp-json\/wp\/v2\/categories?post=1028"},{"taxonomy":"post_tag","embeddable":true,"href":"https:\/\/sudeducation6440.org\/index.php\/wp-json\/wp\/v2\/tags?post=1028"}],"curies":[{"name":"wp","href":"https:\/\/api.w.org\/{rel}","templated":true}]}}