{"id":263,"date":"2023-09-19T22:31:52","date_gmt":"2023-09-19T20:31:52","guid":{"rendered":"https:\/\/sudeducation6440.org\/?p=263"},"modified":"2023-09-21T14:49:51","modified_gmt":"2023-09-21T12:49:51","slug":"une-rentree-scolaire-sous-le-signe-de-lislamophobie-et-du-sexisme-detat","status":"publish","type":"post","link":"https:\/\/sudeducation6440.org\/index.php\/2023\/09\/19\/une-rentree-scolaire-sous-le-signe-de-lislamophobie-et-du-sexisme-detat\/","title":{"rendered":"UNE RENTR\u00c9E SCOLAIRE SOUS LE SIGNE DE L&rsquo;ISLAMOPHOBIE ET DU SEXISME D&rsquo;\u00c9TAT"},"content":{"rendered":"\n<h2 class=\"wp-block-heading\">UNE RENTR\u00c9E SCOLAIRE SOUS LE SIGNE DE L&rsquo;ISLAMOPHOBIE ET DU SEXISME D&rsquo;\u00c9TAT<\/h2>\n\n\n\n<p>SUD \u00e9ducation d\u00e9nonce l\u2019instrumentalisation de la la\u00efcit\u00e9 \u00e0 des fins islamophobes, racistes et sexistes \u00e0 la veille de la rentr\u00e9e. La pr\u00e9occupation de Gabriel Attal n\u2019est pas de r\u00e9pondre aux inqui\u00e9tudes l\u00e9gitimes des personnels sur leurs salaires, l\u2019absence de personnels et les classes surcharg\u00e9es mais de lancer une campagne de harc\u00e8lement sur des jeunes filles. Gabriel Attal pointe la tenue vestimentaire des filles en focalisant sur la robe longue appel\u00e9e \u00ab abaya \u00bb au nom d\u2019une la\u00efcit\u00e9 d\u00e9voy\u00e9e.<\/p>\n\n\n\n<p>A la fin de l\u2019ann\u00e9e scolaire 2023, SUD \u00e9ducation d\u00e9non\u00e7ait d\u00e9j\u00e0 les offensives men\u00e9es par les chef\u00b7fes contre les tenues vestimentaires des jeunes filles. D\u2019apr\u00e8s le rapport 2022 de la CNCDH \u00ab 1,2 million de personnes seraient victimes chaque ann\u00e9e d\u2019au moins une atteinte \u00e0 caract\u00e8re raciste, antis\u00e9mite ou x\u00e9nophobe (injures, menaces, violences ou discriminations), selon les estimations (Enqu\u00eate \u00ab Cadre de Vie et S\u00e9curit\u00e9 \u00bb 2019) \u00bb. Gabriel Attal semble vouloir faire exploser ce chiffre \u00e0 la rentr\u00e9e en stigmatisant les v\u00eatements port\u00e9s par des jeunes filles musulmanes ou suppos\u00e9es et en voulant ainsi contr\u00f4ler leurs corps. \u00c0 quelques jours de la reprise, cette annonce laisse penser que certaines \u00e9l\u00e8ves ne sont pas les bienvenues \u00e0 l\u2019\u00e9cole.<\/p>\n\n\n\n<p>SUD \u00e9ducation condamne les survivances de l\u2019id\u00e9ologie coloniale, \u00e0 la fois sexiste et islamophobe, qui entend administrer le corps des femmes : l\u2019interdiction de certains v\u00eatements \u00e0 l\u2019\u00e9cole aujourd\u2019hui font \u00e9chos aux sc\u00e8nes de d\u00e9voilement dans l\u2019Alg\u00e9rie colonis\u00e9e.<\/p>\n\n\n\n<p>Le d\u00e9cret sur le harc\u00e8lement scolaire permettra aux chef\u00b7fes d\u2019\u00e9tablissements de saisir les conseils de disciplines pour des \u00ab atteintes \u00bb au \u00ab principe de la\u00efcit\u00e9 \u00bb : des jeunes filles pourront ainsi se retrouver en conseil de discipline parce qu\u2019elles ne porteront pas une robe \u00e0 la bonne longueur. Les d\u00e9rives sont \u00e0 craindre.<\/p>\n\n\n\n<p><strong>SUD \u00e9ducation soutient les jeunes coll\u00e9gien\u00b7nes et lyc\u00e9en\u00b7nes dans leur combat pour le droit de s\u2019habiller comme elles et ils l\u2019entendent, et contre les remarques sexistes et islamophobes des adultes.<\/strong><\/p>\n\n\n\n<p><strong>SUD \u00e9ducation condamne toutes les d\u00e9marches qui visent \u00e0 interdire l&rsquo;acc\u00e8s \u00e0 l&rsquo;\u00e9tablissement scolaire \u00e0 des \u00e9l\u00e8ves sous pr\u00e9texte d&rsquo;une tenue inadapt\u00e9e.<\/strong><\/p>\n\n\n\n<p><strong>SUD \u00e9ducation d\u00e9fend pied \u00e0 pied la la\u00efcit\u00e9, celle-ci implique une neutralit\u00e9 totale de l&rsquo;\u00c9tat et de ses institutions en mati\u00e8re religieuse. Tou\u00b7tes les \u00e9l\u00e8ves devraient avoir acc\u00e8s au service public d\u2019\u00e9ducation sans subir de discrimination.<\/strong><\/p>\n","protected":false},"excerpt":{"rendered":"<p>UNE RENTR\u00c9E SCOLAIRE SOUS LE SIGNE DE L&rsquo;ISLAMOPHOBIE ET DU SEXISME D&rsquo;\u00c9TAT SUD \u00e9ducation d\u00e9nonce l\u2019instrumentalisation de la la\u00efcit\u00e9 \u00e0 des fins islamophobes, racistes et sexistes \u00e0 la veille de [&hellip;]<\/p>\n","protected":false},"author":1,"featured_media":219,"comment_status":"closed","ping_status":"closed","sticky":false,"template":"","format":"standard","meta":{"footnotes":""},"categories":[5,10,13,31],"tags":[38,45,42,44],"class_list":["post-263","post","type-post","status-publish","format-standard","has-post-thumbnail","hentry","category-antiracisme-antifascisme","category-feminisme","category-luttes-dans-leducation","category-second-degre","tag-antiracisme-antifascisme","tag-feminisme","tag-luttes-dans-leducation","tag-second-degre","entry","has-media"],"_links":{"self":[{"href":"https:\/\/sudeducation6440.org\/index.php\/wp-json\/wp\/v2\/posts\/263","targetHints":{"allow":["GET"]}}],"collection":[{"href":"https:\/\/sudeducation6440.org\/index.php\/wp-json\/wp\/v2\/posts"}],"about":[{"href":"https:\/\/sudeducation6440.org\/index.php\/wp-json\/wp\/v2\/types\/post"}],"author":[{"embeddable":true,"href":"https:\/\/sudeducation6440.org\/index.php\/wp-json\/wp\/v2\/users\/1"}],"replies":[{"embeddable":true,"href":"https:\/\/sudeducation6440.org\/index.php\/wp-json\/wp\/v2\/comments?post=263"}],"version-history":[{"count":1,"href":"https:\/\/sudeducation6440.org\/index.php\/wp-json\/wp\/v2\/posts\/263\/revisions"}],"predecessor-version":[{"id":264,"href":"https:\/\/sudeducation6440.org\/index.php\/wp-json\/wp\/v2\/posts\/263\/revisions\/264"}],"wp:featuredmedia":[{"embeddable":true,"href":"https:\/\/sudeducation6440.org\/index.php\/wp-json\/wp\/v2\/media\/219"}],"wp:attachment":[{"href":"https:\/\/sudeducation6440.org\/index.php\/wp-json\/wp\/v2\/media?parent=263"}],"wp:term":[{"taxonomy":"category","embeddable":true,"href":"https:\/\/sudeducation6440.org\/index.php\/wp-json\/wp\/v2\/categories?post=263"},{"taxonomy":"post_tag","embeddable":true,"href":"https:\/\/sudeducation6440.org\/index.php\/wp-json\/wp\/v2\/tags?post=263"}],"curies":[{"name":"wp","href":"https:\/\/api.w.org\/{rel}","templated":true}]}}