{"id":295,"date":"2023-09-20T17:13:30","date_gmt":"2023-09-20T15:13:30","guid":{"rendered":"https:\/\/sudeducation6440.org\/?p=295"},"modified":"2023-09-27T15:27:22","modified_gmt":"2023-09-27T13:27:22","slug":"aesh-la-lutte-continue-en-greve-le-3-octobre","status":"publish","type":"post","link":"https:\/\/sudeducation6440.org\/index.php\/2023\/09\/20\/aesh-la-lutte-continue-en-greve-le-3-octobre\/","title":{"rendered":"AESH La lutte continue\u00a0: en gr\u00e8ve le 3\u00a0octobre\u00a0!"},"content":{"rendered":"\n<h2 class=\"wp-block-heading\">AESH LA LUTTE CONTINUE : EN GR\u00c8VE LE 3 OCTOBRE !<\/h2>\n\n\n<figure style=\"aspect-ratio:16\/9;\" class=\"wp-block-post-featured-image\"><img loading=\"lazy\" decoding=\"async\" width=\"1200\" height=\"675\" src=\"https:\/\/sudeducation6440.org\/wp-content\/uploads\/2023\/09\/1200-675-max.png\" class=\"attachment-post-thumbnail size-post-thumbnail wp-post-image\" alt=\"\" style=\"width:100%;height:100%;object-fit:cover;\" srcset=\"https:\/\/sudeducation6440.org\/wp-content\/uploads\/2023\/09\/1200-675-max.png 1200w, https:\/\/sudeducation6440.org\/wp-content\/uploads\/2023\/09\/1200-675-max-300x169.png 300w, https:\/\/sudeducation6440.org\/wp-content\/uploads\/2023\/09\/1200-675-max-1024x576.png 1024w, https:\/\/sudeducation6440.org\/wp-content\/uploads\/2023\/09\/1200-675-max-768x432.png 768w, https:\/\/sudeducation6440.org\/wp-content\/uploads\/2023\/09\/1200-675-max-800x450.png 800w\" sizes=\"auto, (max-width: 1200px) 100vw, 1200px\" \/><\/figure>\n\n\n<div style=\"height:16px\" aria-hidden=\"true\" class=\"wp-block-spacer\"><\/div>\n\n\n\n<h5 class=\"wp-block-heading has-black-color has-text-color\">La lutte continue\u00a0: en gr\u00e8ve le 3\u00a0octobre\u202f! AESH, un m\u00e9tier, un statut, une reconnaissance\u2026 Nous n\u2019y sommes toujours pas\u202f!<\/h5>\n\n\n\n<p class=\"has-white-background-color has-background\"><strong><span style=\"text-decoration: underline;\">LIEN DES RASSEMBLEMENTS DEPARTEMENTAUX<\/span><\/strong> : <a href=\"https:\/\/sudeducation6440.org\/index.php\/event\/greve-pour-les-droits-des-aesh-la-defense-dune-ecole-reellement-inclusive\/\">https:\/\/sudeducation6440.org\/index.php\/event\/greve-pour-les-droits-des-aesh-la-defense-dune-ecole-reellement-inclusive\/<\/a><\/p>\n\n\n\n<details class=\"wp-block-details has-black-color has-text-color is-layout-flow wp-block-details-is-layout-flow\" style=\"font-style:normal;font-weight:600\"><summary>\u2022 Lire le tract SUD \u00e9ducation :<\/summary>\n<div data-wp-interactive=\"core\/file\" class=\"wp-block-file\"><object data-wp-bind--hidden=\"!state.hasPdfPreview\" hidden class=\"wp-block-file__embed\" data=\"https:\/\/sudeducation6440.org\/wp-content\/uploads\/2023\/09\/Trat-AESH-2023_09_10.pdf\" type=\"application\/pdf\" style=\"width:100%;height:600px\" aria-label=\"Contenu embarqu\u00e9 Trat-AESH-2023_09_10.\"><\/object><a id=\"wp-block-file--media-88383d97-32fe-40a9-9a8d-60a729242cb3\" href=\"https:\/\/sudeducation6440.org\/wp-content\/uploads\/2023\/09\/Trat-AESH-2023_09_10.pdf\">Trat-AESH-2023_09_10<\/a><a href=\"https:\/\/sudeducation6440.org\/wp-content\/uploads\/2023\/09\/Trat-AESH-2023_09_10.pdf\" class=\"wp-block-file__button wp-element-button\" download aria-describedby=\"wp-block-file--media-88383d97-32fe-40a9-9a8d-60a729242cb3\">T\u00e9l\u00e9charger<\/a><\/div>\n<\/details>\n\n\n\n<div style=\"height:50px\" aria-hidden=\"true\" class=\"wp-block-spacer\"><\/div>\n\n\n\n<details class=\"wp-block-details has-black-color has-text-color is-layout-flow wp-block-details-is-layout-flow\" style=\"font-style:normal;font-weight:600\"><summary>\u2022 Lire le communiqu\u00e9 intersyndical national :<\/summary>\n<div data-wp-interactive=\"core\/file\" class=\"wp-block-file\"><object data-wp-bind--hidden=\"!state.hasPdfPreview\" hidden class=\"wp-block-file__embed\" data=\"https:\/\/sudeducation6440.org\/wp-content\/uploads\/2023\/09\/Communique-greve-AESH-Rentree-2023-1-1.pdf\" type=\"application\/pdf\" style=\"width:100%;height:600px\" aria-label=\"Contenu embarqu\u00e9 Communique-greve-AESH-Rentree-2023-1-1.\"><\/object><a id=\"wp-block-file--media-f51e9407-c05a-4e1d-932d-4b50eae36ec4\" href=\"https:\/\/sudeducation6440.org\/wp-content\/uploads\/2023\/09\/Communique-greve-AESH-Rentree-2023-1-1.pdf\">Communique-greve-AESH-Rentree-2023-1-1<\/a><a href=\"https:\/\/sudeducation6440.org\/wp-content\/uploads\/2023\/09\/Communique-greve-AESH-Rentree-2023-1-1.pdf\" class=\"wp-block-file__button wp-element-button\" download aria-describedby=\"wp-block-file--media-f51e9407-c05a-4e1d-932d-4b50eae36ec4\">T\u00e9l\u00e9charger<\/a><\/div>\n<\/details>\n\n\n\n<div style=\"height:50px\" aria-hidden=\"true\" class=\"wp-block-spacer\"><\/div>\n\n\n\n<details class=\"wp-block-details has-black-color has-text-color is-layout-flow wp-block-details-is-layout-flow\" style=\"font-style:normal;font-weight:600\"><summary>\u2022 Lire le communiqu\u00e9 intersyndical des Landes (40) :<\/summary>\n<div data-wp-interactive=\"core\/file\" class=\"wp-block-file\"><object data-wp-bind--hidden=\"!state.hasPdfPreview\" hidden class=\"wp-block-file__embed\" data=\"https:\/\/sudeducation6440.org\/wp-content\/uploads\/2023\/09\/40-PROJET-AESH-appel-3-octobre-2023.pdf\" type=\"application\/pdf\" style=\"width:100%;height:600px\" aria-label=\"Contenu embarqu\u00e9 40-PROJET-AESH-appel-3-octobre-2023.\"><\/object><a id=\"wp-block-file--media-2bcb34f2-8fa2-4971-8bad-82892b0ec473\" href=\"https:\/\/sudeducation6440.org\/wp-content\/uploads\/2023\/09\/40-PROJET-AESH-appel-3-octobre-2023.pdf\">40-PROJET-AESH-appel-3-octobre-2023<\/a><a href=\"https:\/\/sudeducation6440.org\/wp-content\/uploads\/2023\/09\/40-PROJET-AESH-appel-3-octobre-2023.pdf\" class=\"wp-block-file__button wp-element-button\" download aria-describedby=\"wp-block-file--media-2bcb34f2-8fa2-4971-8bad-82892b0ec473\">T\u00e9l\u00e9charger<\/a><\/div>\n\n\n\n<ul class=\"wp-block-list\">\n<li>L\u2019augmentation r\u00e9elle et significative des r\u00e9mun\u00e9rations de toutes et tous, sur toute la carri\u00e8re avec<br>un d\u00e9roulement digne de ce nom ;<\/li>\n\n\n\n<li>La garantie de pouvoir travailler \u00e0 temps complet, r\u00e9mun\u00e9r\u00e9 \u00e0 100%, sur la base d\u2019un<br>accompagnement d\u2019\u00e9l\u00e8ve \u00e0 24 heures hebdomadaires ;<\/li>\n\n\n\n<li>L\u2019abandon des PIAL et de la politique de mutualisation des moyens ; pour le strict respect des<br>notifications de la MLPH ;<\/li>\n\n\n\n<li>L\u2019abandon du projet de fusion AED et AESH en ARE ;<\/li>\n\n\n\n<li>Une r\u00e9elle formation professionnelle qualifiante dispens\u00e9e par des sp\u00e9cialistes, notamment de la<br>sant\u00e9.<br>En cas de non-r\u00e9ponse du Ministre \u00e0 cette journ\u00e9e nationale de mobilisation des AESH, nos<br>organisations syndicales vous appellent \u00e0 vous r\u00e9unir dans les \u00e9coles et les \u00e9tablissements, dans les<br>r\u00e9unions d\u2019information syndicale, pour discuter des suites \u00e0 donner pour faire aboutir vos l\u00e9gitimes<br>revendications.<br>Mont-de-Marsan, le 25.09.2023<\/li>\n<\/ul>\n<\/details>\n\n\n\n<div style=\"height:50px\" aria-hidden=\"true\" class=\"wp-block-spacer\"><\/div>\n\n\n\n<details class=\"wp-block-details has-black-color has-text-color is-layout-flow wp-block-details-is-layout-flow\" style=\"font-style:normal;font-weight:600\"><summary>\u2022 Lire le communiqu\u00e9 intersyndical des Pyr\u00e9n\u00e9es-Atlantiques (64) :<\/summary>\n<div data-wp-interactive=\"core\/file\" class=\"wp-block-file\"><object data-wp-bind--hidden=\"!state.hasPdfPreview\" hidden class=\"wp-block-file__embed\" data=\"https:\/\/sudeducation6440.org\/wp-content\/uploads\/2023\/09\/Tract-departemental-AESH-3-octobre-64.pdf\" type=\"application\/pdf\" style=\"width:100%;height:600px\" aria-label=\"Contenu embarqu\u00e9 Tract-departemental-AESH-3-octobre-64.\"><\/object><a id=\"wp-block-file--media-e761139d-2fc7-4df7-a160-43b0236ac8f0\" href=\"https:\/\/sudeducation6440.org\/wp-content\/uploads\/2023\/09\/Tract-departemental-AESH-3-octobre-64.pdf\">Tract-departemental-AESH-3-octobre-64<\/a><a href=\"https:\/\/sudeducation6440.org\/wp-content\/uploads\/2023\/09\/Tract-departemental-AESH-3-octobre-64.pdf\" class=\"wp-block-file__button wp-element-button\" download aria-describedby=\"wp-block-file--media-e761139d-2fc7-4df7-a160-43b0236ac8f0\">T\u00e9l\u00e9charger<\/a><\/div>\n<\/details>\n\n\n\n<div style=\"height:50px\" aria-hidden=\"true\" class=\"wp-block-spacer\"><\/div>\n\n\n\n<hr class=\"wp-block-separator has-alpha-channel-opacity is-style-wide\"\/>\n\n\n\n<h2 class=\"wp-block-heading\">AESH : Tout savoir sur ses droits \u00e0 la rentr\u00e9e<\/h2>\n\n\n\n<div data-wp-interactive=\"core\/file\" class=\"wp-block-file\"><object data-wp-bind--hidden=\"!state.hasPdfPreview\" hidden class=\"wp-block-file__embed\" data=\"https:\/\/sudeducation6440.org\/wp-content\/uploads\/2023\/09\/2023-09-06-Fiche-AESH-vos-droits-a-la-rentree.pdf\" type=\"application\/pdf\" style=\"width:100%;height:600px\" aria-label=\"Contenu embarqu\u00e9 2023-09-06-Fiche-AESH-vos-droits-a-la-rentree.\"><\/object><a id=\"wp-block-file--media-1de2e870-5a3b-4256-8626-569cf73a7861\" href=\"https:\/\/sudeducation6440.org\/wp-content\/uploads\/2023\/09\/2023-09-06-Fiche-AESH-vos-droits-a-la-rentree.pdf\">2023-09-06-Fiche-AESH-vos-droits-a-la-rentree<\/a><a href=\"https:\/\/sudeducation6440.org\/wp-content\/uploads\/2023\/09\/2023-09-06-Fiche-AESH-vos-droits-a-la-rentree.pdf\" class=\"wp-block-file__button wp-element-button\" download aria-describedby=\"wp-block-file--media-1de2e870-5a3b-4256-8626-569cf73a7861\">T\u00e9l\u00e9charger<\/a><\/div>\n","protected":false},"excerpt":{"rendered":"<p>AESH LA LUTTE CONTINUE : EN GR\u00c8VE LE 3 OCTOBRE ! La lutte continue\u00a0: en gr\u00e8ve le 3\u00a0octobre\u202f! AESH, un m\u00e9tier, un statut, une reconnaissance\u2026 Nous n\u2019y sommes toujours pas\u202f! [&hellip;]<\/p>\n","protected":false},"author":1,"featured_media":506,"comment_status":"open","ping_status":"open","sticky":false,"template":"","format":"standard","meta":{"footnotes":""},"categories":[28,6,11,13,15,27,31],"tags":[39,40,41,42,36,43,44],"class_list":["post-295","post","type-post","status-publish","format-standard","has-post-thumbnail","hentry","category-aesh","category-conditions-de-travail","category-intersyndical","category-luttes-dans-leducation","category-manifs-rassemblements","category-preavis-de-greve","category-second-degre","tag-aesh","tag-conditions-de-travail","tag-interdsyndical","tag-luttes-dans-leducation","tag-manifs-rassemblements","tag-preavis-de-greve","tag-second-degre","entry","has-media"],"_links":{"self":[{"href":"https:\/\/sudeducation6440.org\/index.php\/wp-json\/wp\/v2\/posts\/295","targetHints":{"allow":["GET"]}}],"collection":[{"href":"https:\/\/sudeducation6440.org\/index.php\/wp-json\/wp\/v2\/posts"}],"about":[{"href":"https:\/\/sudeducation6440.org\/index.php\/wp-json\/wp\/v2\/types\/post"}],"author":[{"embeddable":true,"href":"https:\/\/sudeducation6440.org\/index.php\/wp-json\/wp\/v2\/users\/1"}],"replies":[{"embeddable":true,"href":"https:\/\/sudeducation6440.org\/index.php\/wp-json\/wp\/v2\/comments?post=295"}],"version-history":[{"count":8,"href":"https:\/\/sudeducation6440.org\/index.php\/wp-json\/wp\/v2\/posts\/295\/revisions"}],"predecessor-version":[{"id":557,"href":"https:\/\/sudeducation6440.org\/index.php\/wp-json\/wp\/v2\/posts\/295\/revisions\/557"}],"wp:featuredmedia":[{"embeddable":true,"href":"https:\/\/sudeducation6440.org\/index.php\/wp-json\/wp\/v2\/media\/506"}],"wp:attachment":[{"href":"https:\/\/sudeducation6440.org\/index.php\/wp-json\/wp\/v2\/media?parent=295"}],"wp:term":[{"taxonomy":"category","embeddable":true,"href":"https:\/\/sudeducation6440.org\/index.php\/wp-json\/wp\/v2\/categories?post=295"},{"taxonomy":"post_tag","embeddable":true,"href":"https:\/\/sudeducation6440.org\/index.php\/wp-json\/wp\/v2\/tags?post=295"}],"curies":[{"name":"wp","href":"https:\/\/api.w.org\/{rel}","templated":true}]}}