{"id":308,"date":"2023-09-20T17:57:48","date_gmt":"2023-09-20T15:57:48","guid":{"rendered":"https:\/\/sudeducation6440.org\/?p=308"},"modified":"2023-09-20T20:51:24","modified_gmt":"2023-09-20T18:51:24","slug":"appel-a-la-marche-unitaire-du-23-septembre-pour-la-fin-du-racisme-systemique-des-violences-policieres-pour-la-justice-sociale-et-les-libertes-publiques","status":"publish","type":"post","link":"https:\/\/sudeducation6440.org\/index.php\/2023\/09\/20\/appel-a-la-marche-unitaire-du-23-septembre-pour-la-fin-du-racisme-systemique-des-violences-policieres-pour-la-justice-sociale-et-les-libertes-publiques\/","title":{"rendered":"Appel \u00e0\u00a0la marche unitaire du 23 septembre \u00ab\u00a0Pour la fin du racisme syst\u00e9mique, des violences polici\u00e8res, pour la justice sociale et les libert\u00e9s publiques\u00a0\u00bb"},"content":{"rendered":"\n<h2 class=\"wp-block-heading\">APPEL \u00c0 LA MARCHE UNITAIRE DU 23 SEPTEMBRE \u00ab&nbsp;POUR LA FIN DU RACISME SYST\u00c9MIQUE, DES VIOLENCES POLICI\u00c8RES, POUR LA JUSTICE SOCIALE ET LES LIBERT\u00c9S PUBLIQUES&nbsp;\u00bb<\/h2>\n\n\n\n<div class=\"wp-block-columns is-layout-flex wp-container-core-columns-is-layout-9d6595d7 wp-block-columns-is-layout-flex\">\n<div class=\"wp-block-column is-layout-flow wp-block-column-is-layout-flow\">\n<figure class=\"wp-block-image size-full\"><img loading=\"lazy\" decoding=\"async\" width=\"300\" height=\"300\" src=\"https:\/\/sudeducation6440.org\/wp-content\/uploads\/2023\/09\/23-sept-c.original-300x300-1.png\" alt=\"\" class=\"wp-image-309\" srcset=\"https:\/\/sudeducation6440.org\/wp-content\/uploads\/2023\/09\/23-sept-c.original-300x300-1.png 300w, https:\/\/sudeducation6440.org\/wp-content\/uploads\/2023\/09\/23-sept-c.original-300x300-1-150x150.png 150w\" sizes=\"auto, (max-width: 300px) 100vw, 300px\" \/><\/figure>\n<\/div>\n\n\n\n<div class=\"wp-block-column is-layout-flow wp-block-column-is-layout-flow\">\n<p><\/p>\n\n\n\n<p><\/p>\n\n\n\n<p><\/p>\n\n\n\n<p>Site de la Marche :&nbsp;<a href=\"https:\/\/marchespourlajustice.fr\/\">https:\/\/marchespourlajustice.fr\/<\/a><\/p>\n<\/div>\n<\/div>\n\n\n\n<h2 class=\"wp-block-heading\">Manifestons le 23 septembre contre le racisme syst\u00e9mique, les violences polici\u00e8res et pour la justice sociale !<\/h2>\n\n\n\n<p><em><strong>Tract de l&rsquo;Union syndicale Solidaires<\/strong><\/em> : <a href=\"https:\/\/solidaires.org\/media\/documents\/Tract_Solidaires_23_septembre_2023.pdf\">T\u00e9l\u00e9charger l&rsquo;appel au format pdf<\/a><\/p>\n\n\n\n<p>Le meurtre de Nahel, tu\u00e9 par un policier \u00e0 bout portant le 27 juin 2023 \u00e0 Nanterre, a d\u00e9clench\u00e9 une vague de r\u00e9voltes dans les quartiers populaires au d\u00e9but de l\u2019\u00e9t\u00e9. Il suit malheureusement une longue liste de victimes, qui semble ne jamais devoir s\u2019arr\u00eater&#8230;<\/p>\n\n\n\n<p>Suivant son discours et sa politique autoritaire habituelle, le gouvernement n\u2019a encore une fois que r\u00e9pondu par la r\u00e9pression sous toutes ses formes, et continue la stigmatisation des personnes de confession musulmane ou suppos\u00e9es musulmanes, notamment des \u00e9l\u00e8ves. Il continue de nier les r\u00e9alit\u00e9s sociales de ces quartiers, l\u2019existence des violences polici\u00e8res et le racisme syst\u00e9mique dans la soci\u00e9t\u00e9.<\/p>\n\n\n\n<p><strong>Il est temps que cela change fondamentalement.<\/strong><\/p>\n\n\n\n<p><strong>Il n\u2019y a pas de justice sociale<\/strong>&nbsp;<strong>sans<\/strong>&nbsp;<strong>lutte contre le racisme syst\u00e9mique<\/strong>, lutte contre les discriminations.<\/p>\n\n\n\n<p><strong>Il n\u2019y a pas de justice sociale sans politique publique qui remet les services publics au coeur de notre soci\u00e9t\u00e9,<\/strong>&nbsp;qui lutte contre le changement climatique, particuli\u00e8rement dans les quartiers populaires et dans les zones rurales d\u00e9saffect\u00e9es,<\/p>\n\n\n\n<p><strong>Il n\u2019y a pas de justice sociale sans lutte contre les violences polici\u00e8res et les atteintes aux libert\u00e9s publiques.<\/strong><\/p>\n\n\n\n<p>C\u2019est pourquoi Solidaires appelle comme plus de 80 signataires issus des quartiers populaires, collectifs de lutte contre les violences polici\u00e8res, associations pour les libert\u00e9s, f\u00e9ministes, \u00e9cologiques, syndicats et partis politiques \u00e0 participer massivement aux marches unitaires du 23 septembre prochain, partout sur le territoire, et comme ce cadre unitaire,&nbsp;<strong>nous exigeons des r\u00e9ponses imm\u00e9diates et dans l\u2019urgence :<\/strong><\/p>\n\n\n\n<ul class=\"wp-block-list\">\n<li>abrogation de la loi de 2017 sur l\u2019assouplissement des r\u00e8gles en mati\u00e8re d\u2019usage des armes \u00e0 feu par les forces de l\u2019ordre ;<\/li>\n\n\n\n<li>une r\u00e9forme en profondeur de la police, de ses techniques d\u2019intervention et de son armement<\/li>\n\n\n\n<li>le remplacement de l\u2019IGPN par un organisme ind\u00e9pendant de la hi\u00e9rarchie polici\u00e8re et du pouvoir politique ;<\/li>\n\n\n\n<li>la cr\u00e9ation d\u2019un service d\u00e9di\u00e9 aux discriminations touchant la jeunesse au sein de l\u2019autorit\u00e9 administrative pr\u00e9sid\u00e9e par le D\u00e9fenseur des droits et le renforcement des moyens de lutte contre le racisme, y compris dans la police ;<\/li>\n\n\n\n<li>un plan d\u2019investissement public ambitieux dans les quartiers populaires et sur l\u2019ensemble du territoire pour r\u00e9tablir les services publics, le financement des associations et des centres sociaux<\/li>\n<\/ul>\n\n\n\n<p><strong>LE 23 SEPTEMBRE, FAISONS BOUGER LES LIGNES !<\/strong><\/p>\n\n\n\n<h2 class=\"wp-block-heading\">Pour la fin du racisme syst\u00e9mique, des violences polici\u00e8res, pour la justice sociale et les libert\u00e9s publiques<\/h2>\n\n\n\n<p><em><strong>Appel unitaire : associations, collectifs, syndicats, partis<\/strong><\/em><\/p>\n\n\n\n<p><a href=\"https:\/\/solidaires.org\/media\/documents\/actualisation_5_septembre_Marche_unitaire_le_23_septembre_jYnmwJ6.pdf\">T\u00e9l\u00e9charger l&rsquo;appel au format pdf<\/a><\/p>\n\n\n\n<p>Le meurtre de Nahel, tu\u00e9 par un policier \u00e0 bout portant le 27 juin 2023 \u00e0 Nanterre, a mis de nouveau la lumi\u00e8re sur ce qui doit cesser : le racisme syst\u00e9mique, les violences polici\u00e8res, et les in\u00e9galit\u00e9s sociales que creuse la politique de Macron. Une politique n\u00e9olib\u00e9rale impos\u00e9e par des m\u00e9thodes autoritaires, des lois s\u00e9curitaires et une doctrine du maintien de l\u2019ordre d\u00e9cri\u00e9e jusque dans les plus grandes instances internationales. Une politique r\u00e9gressive qui fait le lit de l\u2019extr\u00eame-droite et pi\u00e9tine toujours plus nos libert\u00e9s publiques, notre mod\u00e8le social, notre avenir face \u00e0 l\u2019effondrement \u00e9cologique.<\/p>\n\n\n\n<p>En premi\u00e8re ligne des victimes de ces choix politiques, les habitant\u00b7es, et notamment les jeunes des quartiers populaires et des territoires ultramarins, qui subissent de plein fouet l\u2019aggravation de toutes les in\u00e9galit\u00e9s sociales dans un contexte \u00e9conomique d\u2019inflation, de hausse des loyers, des prix de l\u2019\u00e9nergie et de politiques d&rsquo;urbanisme brutales. Les r\u00e9formes de la Macronie accentuent la pauvret\u00e9 en durcissant notamment l\u2019acc\u00e8s aux prestations sociales. La scandaleuse r\u00e9forme de l\u2019assurance ch\u00f4mage en est un exemple significatif alors que la pr\u00e9carit\u00e9 au travail augmente.<\/p>\n\n\n\n<p>Les r\u00e9voltes dans les quartiers populaires ne peuvent s\u2019analyser que dans ce contexte global. Les habitant\u00b7es de ces quartiers, et notamment les m\u00e8res isol\u00e9es, pallient bien souvent seul\u00b7es les carences de services publics dont la destruction s\u2019acc\u00e9l\u00e8re de jour en jour.<\/p>\n\n\n\n<p>A c\u00f4t\u00e9 de cela, de nombreuses violences sont perp\u00e9tr\u00e9es contre les populations : d\u00e9localisation et destruction de l\u2019emploi, \u00e9vasion et fraude fiscale, mode de vie des ultras riches \u00e9cocidaire, supers profits des multinationales, modes de production hypers polluants responsables de la crise climatique. Et pour cela, l\u2019Etat laisse faire ! De plus, les populations racis\u00e9es et\/ ou issues des classes sociales d\u00e9favoris\u00e9es, des quartiers populaires, des zones rurales et p\u00e9riurbaines appauvries, des territoires ultramarins sont victimes de violences institutionnelles et syst\u00e9miques, notamment polici\u00e8res.<\/p>\n\n\n\n<p>La politique r\u00e9pressive de l&rsquo;Etat est encore renforc\u00e9e par le dernier remaniement minist\u00e9riel, qui a \u00e9largi les comp\u00e9tences du minist\u00e8re de l\u2019Int\u00e9rieur \u00e0 la ville, l&rsquo;Outre-mer et la citoyennet\u00e9. La r\u00e9pression s\u2019\u00e9tend avec toujours plus d\u2019intensit\u00e9 et de violences polici\u00e8res, d\u2019interdictions de manifester, contre le mouvement social et \u00e9cologiste, comme lors de la lutte contre la r\u00e9forme des retraites rejet\u00e9e par l&rsquo;immense majorit\u00e9 des travailleur-ses et leurs syndicats et \u00e0 Sainte-Soline. La libert\u00e9 associative, directement et indirectement, est de plus en plus mise en cause.<\/p>\n\n\n\n<p>Cette situation est d\u2019autant plus inqui\u00e9tante que l\u2019institution polici\u00e8re para\u00eet hors de contr\u00f4le du pouvoir politique. Des d\u00e9clarations factieuses de certains syndicats de policiers suite au meurtre de Nahel aux d\u00e9clarations du Directeur g\u00e9n\u00e9ral de la police nationale et \u00e0 celle du Pr\u00e9fet de police de Paris ainsi que le ministre de l\u2019int\u00e9rieur, c\u2019est l\u2019institution polici\u00e8re qui aujourd\u2019hui remet en cause l\u2019\u00c9tat de droit, plut\u00f4t que de mettre fin \u00e0 l\u2019impunit\u00e9 des auteurs de violences polici\u00e8res.<\/p>\n\n\n\n<p>Nos organisations syndicales, associations, collectifs, comit\u00e9s de quartiers populaires, de victimes de violences polici\u00e8res et partis politiques se mobilisent ensemble dans la dur\u00e9e pour la convergence des justices antiraciste, sociale et \u00e9cologique, f\u00e9ministes et pour que cessent les politiques s\u00e9curitaires et anti sociales.<\/p>\n\n\n\n<p>La crise d\u00e9mocratique, sociale, politique que nous traversons est tr\u00e8s grave.<\/p>\n\n\n\n<p>Nous ne pouvons accepter qu\u2019il y ait encore d\u2019autres morts comme Nahel, ou d&rsquo;autres bless\u00e9.es, victimes des violences polici\u00e8res.<br><strong>Nous appelons \u00e0 reprendre la rue samedi 23 septembre, \u00e0 organiser des manifestations ou d\u2019autres initiatives sur tout le territoire, pour faire front ensemble contre la r\u00e9pression des contestations sociales d\u00e9mocratiques et \u00e9cologiques, pour la fin du racisme syst\u00e9mique, des violences polici\u00e8res, et pour la justice sociale climatique, f\u00e9ministe et les libert\u00e9s publiques.<\/strong><br><strong>Nous exigeons des r\u00e9ponses imm\u00e9diates et dans l\u2019urgence :<\/strong><\/p>\n\n\n\n<p>\u2013 abrogation de la loi de 2017 sur l\u2019assouplissement des r\u00e8gles en mati\u00e8re d\u2019usage des armes \u00e0 feu par les forces de l\u2019ordre ;<\/p>\n\n\n\n<p>\u2013 une r\u00e9forme en profondeur de la police, de ses techniques d\u2019intervention et de son armement<\/p>\n\n\n\n<p>\u2013 le remplacement de l\u2019IGPN par un organisme ind\u00e9pendant de la hi\u00e9rarchie polici\u00e8re et du pouvoir politique ;<\/p>\n\n\n\n<p>\u2013 la cr\u00e9ation d\u2019un service d\u00e9di\u00e9 aux discriminations touchant la jeunesse au sein de l\u2019autorit\u00e9 administrative pr\u00e9sid\u00e9e par le D\u00e9fenseur des droits et le renforcement des moyens de lutte contre le racisme, y compris dans la police ;<\/p>\n\n\n\n<p>&#8211; Un plan d\u2019investissement public ambitieux dans les quartiers populaires et sur l\u2019ensemble du territoire pour r\u00e9tablir les services publics, le financement des associations et des centres sociaux<\/p>\n\n\n\n<p><strong><mark>Marchons toutes et tous ensemble le 23 septembre !<\/mark><\/strong><\/p>\n\n\n\n<p><strong>Organisations signataires au 5 septembre :<\/strong><\/p>\n\n\n\n<p><strong>Collectifs\/comit\u00e9s de quartiers populaires, de victimes de violences polici\u00e8res :<\/strong><\/p>\n\n\n\n<p>Coordination pour la D\u00e9fense des habitants des Quartiers Populaires, Coordination nationale contre les violences polici\u00e8res, Coordination nationale \u201cMarche 40 ans\u201d, Collectif V\u00e9rit\u00e9 et justice pour Adama, Collectif Justice pour Claude Jean-Pierre, Comit\u00e9 V\u00e9rit\u00e9 et Justice pour Mahamadou, Comit\u00e9 Justice pour Othmane, Collectif Justice et V\u00e9rit\u00e9 pour Yanis, Comit\u00e9 Justice pour Alassane, Collectif Stop Violences Polici\u00e8res \u00e0 Saint-Denis, Comit\u00e9 v\u00e9rit\u00e9 et justice pour Safyatou, Salif et Ilan, M\u00e9moire en marche Marseille, le Mouvement des m\u00e8res isol\u00e9es, Syndicat des quartiers populaires de Marseille.<\/p>\n\n\n\n<p><strong>Organisations syndicales :<\/strong>&nbsp;CGT, FSU, Union syndicale Solidaires, Syndicat des avocats de France, Syndicat de la magistrature, FSE, FIDL, MNL, UNEF, Union \u00e9tudiante, la Voix lyc\u00e9enne.<\/p>\n\n\n\n<p><strong>Associations et autres collectifs :<\/strong>&nbsp;l\u2019ACORT, Alternatiba, ANV-COP21, APEL-Egalit\u00e9, ATMF, Attac France, Les Amis de la Terre France, Collectif du 5 novembre, Collectif National pour les Droits des Femmes (CNDF), CAD, Coudes \u00e0 Coudes, Derni\u00e8re R\u00e9novation, Droit Au Logement (DAL), Les Effront\u00e9es, FASTI , F\u00e9d\u00e9ration nationale de la LIbre Pens\u00e9e, Femmes Egalit\u00e9, Fondation Copernic, Gisti, Greenpeace, Mouvement Utopia, la Rel\u00e8ve F\u00e9ministe, La R\u00e9volution est en marche, Marche des Solidarit\u00e9s, MRAP, Memorial 98, Planning familial, R\u00e9seau d\u2019Actions contre l\u2019Antis\u00e9mitisme et tous les Racismes (RAAR),SOS racisme, Association Stop Aux Violences d\u2019\u00c9tat, UJFP, XR Extinction Rebellion France, Alternatiba Paris, Association de veille \u00e9cologique et citoyenne (Nantes), Association Interg\u00e9n\u00e9rationelle de la Rabi\u00e8re (AIR-37), Association Naya (37), Association Nouveaux Souffle pour l&rsquo;Insertion Sociale et Professionnelle (ANSIP-37), ODED 32, les Marmoulins de M\u00e9nil, Pas peu fi\u00e8r-es, Le GRAIN, R\u00e9seau Hospitalit\u00e9<\/p>\n\n\n\n<p><strong>Organisations politiques :<\/strong>&nbsp;EELV , ENSEMBLE , LFI , FUIQP, GDS, La Gauche Ecosocialiste, G\u00e9n\u00e9ration.s, NPA, Nouvelle Donne, PCOF, PEPS, PG, Place publique, POI, Rejoignons nous, REV, UCL, Vivre Ensemble Solidaires en M\u00e9tropole Tourangelle (VESEMT-37)<\/p>\n","protected":false},"excerpt":{"rendered":"<p>APPEL \u00c0 LA MARCHE UNITAIRE DU 23 SEPTEMBRE \u00ab&nbsp;POUR LA FIN DU RACISME SYST\u00c9MIQUE, DES VIOLENCES POLICI\u00c8RES, POUR LA JUSTICE SOCIALE ET LES LIBERT\u00c9S PUBLIQUES&nbsp;\u00bb Site de la Marche :&nbsp;https:\/\/marchespourlajustice.fr\/ [&hellip;]<\/p>\n","protected":false},"author":1,"featured_media":309,"comment_status":"closed","ping_status":"closed","sticky":false,"template":"","format":"standard","meta":{"footnotes":""},"categories":[5,14,15,23],"tags":[38,35,36],"class_list":["post-308","post","type-post","status-publish","format-standard","has-post-thumbnail","hentry","category-antiracisme-antifascisme","category-luttes-sociales","category-manifs-rassemblements","category-tracts-communiques","tag-antiracisme-antifascisme","tag-luttes-sociales","tag-manifs-rassemblements","entry","has-media"],"_links":{"self":[{"href":"https:\/\/sudeducation6440.org\/index.php\/wp-json\/wp\/v2\/posts\/308","targetHints":{"allow":["GET"]}}],"collection":[{"href":"https:\/\/sudeducation6440.org\/index.php\/wp-json\/wp\/v2\/posts"}],"about":[{"href":"https:\/\/sudeducation6440.org\/index.php\/wp-json\/wp\/v2\/types\/post"}],"author":[{"embeddable":true,"href":"https:\/\/sudeducation6440.org\/index.php\/wp-json\/wp\/v2\/users\/1"}],"replies":[{"embeddable":true,"href":"https:\/\/sudeducation6440.org\/index.php\/wp-json\/wp\/v2\/comments?post=308"}],"version-history":[{"count":2,"href":"https:\/\/sudeducation6440.org\/index.php\/wp-json\/wp\/v2\/posts\/308\/revisions"}],"predecessor-version":[{"id":494,"href":"https:\/\/sudeducation6440.org\/index.php\/wp-json\/wp\/v2\/posts\/308\/revisions\/494"}],"wp:featuredmedia":[{"embeddable":true,"href":"https:\/\/sudeducation6440.org\/index.php\/wp-json\/wp\/v2\/media\/309"}],"wp:attachment":[{"href":"https:\/\/sudeducation6440.org\/index.php\/wp-json\/wp\/v2\/media?parent=308"}],"wp:term":[{"taxonomy":"category","embeddable":true,"href":"https:\/\/sudeducation6440.org\/index.php\/wp-json\/wp\/v2\/categories?post=308"},{"taxonomy":"post_tag","embeddable":true,"href":"https:\/\/sudeducation6440.org\/index.php\/wp-json\/wp\/v2\/tags?post=308"}],"curies":[{"name":"wp","href":"https:\/\/api.w.org\/{rel}","templated":true}]}}