{"id":564,"date":"2023-09-27T16:15:37","date_gmt":"2023-09-27T14:15:37","guid":{"rendered":"https:\/\/sudeducation6440.org\/?p=564"},"modified":"2023-10-11T15:51:57","modified_gmt":"2023-10-11T13:51:57","slug":"manifestation-interprofessionnelle-contre-lausterite-pour-les-salaires-et-legalite-femmes-hommes","status":"publish","type":"post","link":"https:\/\/sudeducation6440.org\/index.php\/2023\/09\/27\/manifestation-interprofessionnelle-contre-lausterite-pour-les-salaires-et-legalite-femmes-hommes\/","title":{"rendered":"Manifestation interprofessionnelle contre l&rsquo;aust\u00e9rit\u00e9, pour les salaires et l&rsquo;\u00e9galit\u00e9 femmes-hommes"},"content":{"rendered":"\n<h2 class=\"wp-block-heading\">Manifestation interprofessionnelle contre l&rsquo;aust\u00e9rit\u00e9, pour les salaires et l&rsquo;\u00e9galit\u00e9 femmes-hommes<\/h2>\n\n\n<figure class=\"wp-block-post-featured-image\"><img loading=\"lazy\" decoding=\"async\" width=\"907\" height=\"507\" src=\"https:\/\/sudeducation6440.org\/wp-content\/uploads\/2023\/09\/greve13-10-23.png\" class=\"attachment-post-thumbnail size-post-thumbnail wp-post-image\" alt=\"\" style=\"object-fit:cover;\" srcset=\"https:\/\/sudeducation6440.org\/wp-content\/uploads\/2023\/09\/greve13-10-23.png 907w, https:\/\/sudeducation6440.org\/wp-content\/uploads\/2023\/09\/greve13-10-23-300x168.png 300w, https:\/\/sudeducation6440.org\/wp-content\/uploads\/2023\/09\/greve13-10-23-768x429.png 768w\" sizes=\"auto, (max-width: 907px) 100vw, 907px\" \/><\/figure>\n\n\n<p><strong>Pour plus de justice sociale, toutes et tous mobilis\u00e9\u00b7es le 13 octobre !<\/strong><\/p>\n\n\n<div class=\"wp-block-image\">\n<figure class=\"aligncenter size-full is-resized\"><a href=\"https:\/\/sudeducation6440.org\/index.php\/event\/manifestation-interprofessionnelle-contre-lausterite-pour-les-salaires-et-legalite-femmes-hommes\/\" target=\"_blank\" rel=\"noreferrer noopener\"><img loading=\"lazy\" decoding=\"async\" src=\"http:\/\/sudeducation6440.org\/wp-content\/uploads\/2023\/10\/WhatsApp-Image-2023-10-11-at-08.15.35-e1697032076864.jpeg\" alt=\"\" class=\"wp-image-717\" style=\"width:385px;height:313px\" width=\"385\" height=\"313\" srcset=\"https:\/\/sudeducation6440.org\/wp-content\/uploads\/2023\/10\/WhatsApp-Image-2023-10-11-at-08.15.35-e1697032076864.jpeg 1022w, https:\/\/sudeducation6440.org\/wp-content\/uploads\/2023\/10\/WhatsApp-Image-2023-10-11-at-08.15.35-e1697032076864-300x244.jpeg 300w, https:\/\/sudeducation6440.org\/wp-content\/uploads\/2023\/10\/WhatsApp-Image-2023-10-11-at-08.15.35-e1697032076864-768x625.jpeg 768w\" sizes=\"auto, (max-width: 385px) 100vw, 385px\" \/><\/a><\/figure>\n<\/div>\n\n\n<p class=\"has-text-align-right\"><strong>Pau :&nbsp;<\/strong>10h30 place Verdun<\/p>\n\n\n\n<p class=\"has-text-align-right\"><strong>Bayonne :&nbsp;<\/strong>10h30 place Sainte Ursule<\/p>\n\n\n\n<p class=\"has-text-align-right\"><strong>Mont de Marsan :&nbsp;<\/strong>11h30 devant la pr\u00e9fecture des Landes<\/p>\n\n\n\n<h2 class=\"wp-block-heading\">Communiqu\u00e9 intersyndical<\/h2>\n\n\n\n<details class=\"wp-block-details is-layout-flow wp-block-details-is-layout-flow\"><summary>\u2198 Cliquer pour lire l&rsquo;appel intersyndical<\/summary>\n<p>Les organisations syndicales appellent toutes et tous \u00e0 rejoindre les manifestations du 13 octobre. Au cours des derniers mois, les travailleuses et les travailleurs sont descendus dans la rue partout en Europe. En France, l\u2019intersyndicale a conduit un mouvement social historique pour s\u2019opposer \u00e0 la r\u00e9forme des retraites qu\u2019elle continue de d\u00e9noncer. La journ\u00e9e du 13 octobre repr\u00e9sente une premi\u00e8re mobilisation dans un cadre syndical europ\u00e9en. <\/p>\n\n\n\n<p>La manifestation \u00e0 Paris accueillera des d\u00e9l\u00e9gations de nombreux pays. Le mouvement syndical europ\u00e9en est appel\u00e9 \u00e0 se mobiliser pour plus de solidarit\u00e9, pour, l\u2019emploi et pour une \u00e9conomie qui donne des r\u00e9sultats concrets aux travailleuses et travailleurs, pour des salaires plus \u00e9lev\u00e9s et des emplois de qualit\u00e9, pour une plus grande protection sociale, pour une transition environnementale socialement juste, pour des investissements pour<br>des services publics de qualit\u00e9 qui garantissent les droits des citoyennes et citoyens. Les organisations syndicales fran\u00e7aises s\u2019opposent \u00e0 toute d\u00e9cision europ\u00e9enne qui conduit \u00e0 des politiques d\u2019aust\u00e9rit\u00e9.<\/p>\n\n\n\n<p>En France, de nombreuses n\u00e9gociations sont en cours, il faut donc se mobiliser pour qu\u2019elles aboutissent \u00e0 une am\u00e9lioration des droits des<br>travailleuses et travailleurs. A quelques jours de la Conf\u00e9rence sociale, les organisations syndicales et de jeunesse sont unanimes sur la n\u00e9cessaire \u00e9galit\u00e9 femmes-hommes, sur l\u2019augmentation des salaires, du SMIC, des pensions, des minima sociaux et bourses d\u2019\u00e9tudes, mais aussi sur la conditionnalit\u00e9 des aides publiques aux entreprises. L\u2019intersyndicale rappelle que les exon\u00e9rations et all\u00e8gements de cotisations sociales accord\u00e9s aux employeurs fragilisent notre syst\u00e8me collectif de protection sociale.<\/p>\n\n\n\n<p>De m\u00eame, les organisations syndicales qui participent aux n\u00e9gociations sur les retraites compl\u00e9mentaires Agirc Arrco et l\u2019Assurance ch\u00f4mage y porteront leurs revendications et y p\u00e8seront de tout leur poids pour am\u00e9liorer les droits des retrait\u00e9.es et des ch\u00f4meuses et ch\u00f4meurs. Les politiques d\u2019aust\u00e9rit\u00e9 sapent aussi les services publics, particuli\u00e8rement l\u2019H\u00f4pital ou l&rsquo;Education Nationale. L&rsquo;intersyndicale l&rsquo;affirme, ce ne sont pas des d\u00e9penses mais des investissements pour notre soci\u00e9t\u00e9 et la population. Les services publics sont une richesse pour toutes et tous.<\/p>\n\n\n\n<p>Les organisations syndicales rappellent leur attachement aux valeurs r\u00e9publicaines, aux libert\u00e9s d\u00e9mocratiques, individuelles et collectives<br>en particulier le droit de gr\u00e8ve et de manifester.<\/p>\n\n\n\n<p>L&rsquo;intersyndicale r\u00e9affirme son refus de toute r\u00e9gression sociale et appelle, le 13 octobre, \u00e0 se mobiliser par des rassemblements, des manifestations, des actions, y compris par la gr\u00e8ve et des d\u00e9brayages, pour plus de justice sociale.<\/p>\n<\/details>\n\n\n\n<div data-wp-interactive=\"core\/file\" class=\"wp-block-file\"><object data-wp-bind--hidden=\"!state.hasPdfPreview\" hidden class=\"wp-block-file__embed\" data=\"https:\/\/sudeducation6440.org\/wp-content\/uploads\/2023\/09\/20230918-tract_intersyndical-rectoverso.pdf\" type=\"application\/pdf\" style=\"width:100%;height:600px\" aria-label=\"Contenu embarqu\u00e9 Tract intersyndical 13 octobre 2023.\"><\/object><a id=\"wp-block-file--media-0de104a4-1589-461c-8aa8-82c8eab780da\" href=\"https:\/\/sudeducation6440.org\/wp-content\/uploads\/2023\/09\/20230918-tract_intersyndical-rectoverso.pdf\">Tract intersyndical 13 octobre 2023<\/a><a href=\"https:\/\/sudeducation6440.org\/wp-content\/uploads\/2023\/09\/20230918-tract_intersyndical-rectoverso.pdf\" class=\"wp-block-file__button wp-element-button\" download aria-describedby=\"wp-block-file--media-0de104a4-1589-461c-8aa8-82c8eab780da\">T\u00e9l\u00e9charger<\/a><\/div>\n","protected":false},"excerpt":{"rendered":"<p>Manifestation interprofessionnelle contre l&rsquo;aust\u00e9rit\u00e9, pour les salaires et l&rsquo;\u00e9galit\u00e9 femmes-hommes Pour plus de justice sociale, toutes et tous mobilis\u00e9\u00b7es le 13 octobre ! Pau :&nbsp;10h30 place Verdun Bayonne :&nbsp;10h30 place [&hellip;]<\/p>\n","protected":false},"author":1,"featured_media":562,"comment_status":"closed","ping_status":"open","sticky":false,"template":"","format":"standard","meta":{"footnotes":""},"categories":[6,11,14,15],"tags":[40,41,35,36,43],"class_list":["post-564","post","type-post","status-publish","format-standard","has-post-thumbnail","hentry","category-conditions-de-travail","category-intersyndical","category-luttes-sociales","category-manifs-rassemblements","tag-conditions-de-travail","tag-interdsyndical","tag-luttes-sociales","tag-manifs-rassemblements","tag-preavis-de-greve","entry","has-media"],"_links":{"self":[{"href":"https:\/\/sudeducation6440.org\/index.php\/wp-json\/wp\/v2\/posts\/564","targetHints":{"allow":["GET"]}}],"collection":[{"href":"https:\/\/sudeducation6440.org\/index.php\/wp-json\/wp\/v2\/posts"}],"about":[{"href":"https:\/\/sudeducation6440.org\/index.php\/wp-json\/wp\/v2\/types\/post"}],"author":[{"embeddable":true,"href":"https:\/\/sudeducation6440.org\/index.php\/wp-json\/wp\/v2\/users\/1"}],"replies":[{"embeddable":true,"href":"https:\/\/sudeducation6440.org\/index.php\/wp-json\/wp\/v2\/comments?post=564"}],"version-history":[{"count":5,"href":"https:\/\/sudeducation6440.org\/index.php\/wp-json\/wp\/v2\/posts\/564\/revisions"}],"predecessor-version":[{"id":722,"href":"https:\/\/sudeducation6440.org\/index.php\/wp-json\/wp\/v2\/posts\/564\/revisions\/722"}],"wp:featuredmedia":[{"embeddable":true,"href":"https:\/\/sudeducation6440.org\/index.php\/wp-json\/wp\/v2\/media\/562"}],"wp:attachment":[{"href":"https:\/\/sudeducation6440.org\/index.php\/wp-json\/wp\/v2\/media?parent=564"}],"wp:term":[{"taxonomy":"category","embeddable":true,"href":"https:\/\/sudeducation6440.org\/index.php\/wp-json\/wp\/v2\/categories?post=564"},{"taxonomy":"post_tag","embeddable":true,"href":"https:\/\/sudeducation6440.org\/index.php\/wp-json\/wp\/v2\/tags?post=564"}],"curies":[{"name":"wp","href":"https:\/\/api.w.org\/{rel}","templated":true}]}}