{"id":585,"date":"2023-10-04T14:35:05","date_gmt":"2023-10-04T12:35:05","guid":{"rendered":"https:\/\/sudeducation6440.org\/?p=585"},"modified":"2023-10-04T15:11:29","modified_gmt":"2023-10-04T13:11:29","slug":"petition-pour-legalite-des-frais-dinscription-a-luppa","status":"publish","type":"post","link":"https:\/\/sudeducation6440.org\/index.php\/2023\/10\/04\/petition-pour-legalite-des-frais-dinscription-a-luppa\/","title":{"rendered":"P\u00c9TITION POUR L&rsquo;\u00c9GALIT\u00c9 DES FRAIS D&rsquo;INSCRIPTION \u00c0 L&rsquo;UPPA"},"content":{"rendered":"\n<h2 class=\"wp-block-heading\">P\u00c9TITION POUR L&rsquo;\u00c9GALIT\u00c9 DES FRAIS D&rsquo;INSCRIPTION \u00c0 L&rsquo;UPPA<\/h2>\n\n\n\n<p>SUD \u00c9tudiant\u00b7e\u00b7s Pau lance une p\u00e9tition pour l&rsquo;\u00e9galit\u00e9 des droits face aux frais d&rsquo;inscription !<br>Pour l&rsquo;inscription imm\u00e9diate de tou\u00b7tes les \u00e9tudiant\u00b7es \u00e9tranger\u00b7es aux m\u00eames tarifs que les autres, signons et partageons !<br><\/p>\n\n\n\n<p>Cette p\u00e9tition est soutenue par l&rsquo;ensemble des organisations syndicales de l&rsquo;UPPA, et par des associations \u00e9tudiantes.<\/p>\n\n\n\n<p>SIGNER LA P\u00c9TITION : <a href=\"https:\/\/www.change.org\/p\/pour-l-\u00e9galit\u00e9-entre-les-\u00e9tudiants-\u00e9trangers-et-fran\u00e7ais-\u00e0-l-universite-uppa?signed=tru\">https:\/\/www.change.org\/p\/pour-l-\u00e9galit\u00e9-entre-les-\u00e9tudiants-\u00e9trangers-et-fran\u00e7ais-\u00e0-l-universite-uppa?signed=tru<\/a>e<\/p>\n","protected":false},"excerpt":{"rendered":"<p>P\u00c9TITION POUR L&rsquo;\u00c9GALIT\u00c9 DES FRAIS D&rsquo;INSCRIPTION \u00c0 L&rsquo;UPPA SUD \u00c9tudiant\u00b7e\u00b7s Pau lance une p\u00e9tition pour l&rsquo;\u00e9galit\u00e9 des droits face aux frais d&rsquo;inscription !Pour l&rsquo;inscription imm\u00e9diate de tou\u00b7tes les \u00e9tudiant\u00b7es \u00e9tranger\u00b7es [&hellip;]<\/p>\n","protected":false},"author":1,"featured_media":586,"comment_status":"open","ping_status":"open","sticky":false,"template":"","format":"standard","meta":{"footnotes":""},"categories":[13,32],"tags":[],"class_list":["post-585","post","type-post","status-publish","format-standard","has-post-thumbnail","hentry","category-luttes-dans-leducation","category-superieur","entry","has-media"],"_links":{"self":[{"href":"https:\/\/sudeducation6440.org\/index.php\/wp-json\/wp\/v2\/posts\/585","targetHints":{"allow":["GET"]}}],"collection":[{"href":"https:\/\/sudeducation6440.org\/index.php\/wp-json\/wp\/v2\/posts"}],"about":[{"href":"https:\/\/sudeducation6440.org\/index.php\/wp-json\/wp\/v2\/types\/post"}],"author":[{"embeddable":true,"href":"https:\/\/sudeducation6440.org\/index.php\/wp-json\/wp\/v2\/users\/1"}],"replies":[{"embeddable":true,"href":"https:\/\/sudeducation6440.org\/index.php\/wp-json\/wp\/v2\/comments?post=585"}],"version-history":[{"count":1,"href":"https:\/\/sudeducation6440.org\/index.php\/wp-json\/wp\/v2\/posts\/585\/revisions"}],"predecessor-version":[{"id":587,"href":"https:\/\/sudeducation6440.org\/index.php\/wp-json\/wp\/v2\/posts\/585\/revisions\/587"}],"wp:featuredmedia":[{"embeddable":true,"href":"https:\/\/sudeducation6440.org\/index.php\/wp-json\/wp\/v2\/media\/586"}],"wp:attachment":[{"href":"https:\/\/sudeducation6440.org\/index.php\/wp-json\/wp\/v2\/media?parent=585"}],"wp:term":[{"taxonomy":"category","embeddable":true,"href":"https:\/\/sudeducation6440.org\/index.php\/wp-json\/wp\/v2\/categories?post=585"},{"taxonomy":"post_tag","embeddable":true,"href":"https:\/\/sudeducation6440.org\/index.php\/wp-json\/wp\/v2\/tags?post=585"}],"curies":[{"name":"wp","href":"https:\/\/api.w.org\/{rel}","templated":true}]}}