{"id":768,"date":"2023-10-24T13:26:19","date_gmt":"2023-10-24T11:26:19","guid":{"rendered":"https:\/\/sudeducation6440.org\/?p=768"},"modified":"2023-11-08T16:22:44","modified_gmt":"2023-11-08T15:22:44","slug":"suite-a-lattaque-a-arras-en-deuil-et-en-colere-mais-lucides-sur-les-recuperations-en-cours","status":"publish","type":"post","link":"https:\/\/sudeducation6440.org\/index.php\/2023\/10\/24\/suite-a-lattaque-a-arras-en-deuil-et-en-colere-mais-lucides-sur-les-recuperations-en-cours\/","title":{"rendered":"Suite \u00e0\u00a0l\u2019attaque \u00e0\u00a0Arras\u00a0: en deuil et en col\u00e8re, mais lucides sur les r\u00e9cup\u00e9rations en\u00a0cours\u00a0!"},"content":{"rendered":"\n<h2 class=\"wp-block-heading\">Suite \u00e0\u00a0l\u2019attaque \u00e0\u00a0Arras\u00a0: en deuil et en col\u00e8re, mais lucides sur les r\u00e9cup\u00e9rations en\u00a0cours\u00a0!<\/h2>\n\n\n\n<p>Trois ans apr\u00e8s le meurtre de notre coll\u00e8gue Samuel Paty \u00e0 Conflans-Sainte-Honorine et huit mois apr\u00e8s celui du notre coll\u00e8gue Agn\u00e8s Lassalle \u00e0 St-Jean-de-Luz,  la communaut\u00e9 \u00e9ducative est une nouvelle fois plong\u00e9e avec horreur dans le deuil suite \u00e0 l\u2019attaque de vendredi matin dans un \u00e9tablissement scolaire d\u2019Arras. Notre coll\u00e8gue, Dominique Bernard, s&rsquo;est interpos\u00e9 pour prot\u00e9ger les\u00a0\u00e9l\u00e8ves. Il a \u00e9t\u00e9 mortellement frapp\u00e9 au couteau et trois autres personnes ont \u00e9t\u00e9 bless\u00e9es.<\/p>\n\n\n\n<p><strong>Sud \u00e9ducation 64-40 exprime son effroi face \u00e0 cette attaque meurtri\u00e8re et adresse ses sinc\u00e8res condol\u00e9ances aux proches, aux coll\u00e8gues, aux \u00e9l\u00e8ves, \u00e0 la famille de notre coll\u00e8gue. Le traumatisme est grand pour la communaut\u00e9 \u00e9ducative de Arras mais aussi pour nous tou\u00b7te\u00b7s : l&rsquo;\u00e9cole devrait \u00eatre un lieu de transmission des savoirs, d&rsquo;\u00e9changes et de d\u00e9bats critiques et non un\u00a0<\/strong><strong>champ<\/strong><strong>\u00a0de batailles.<\/strong><\/p>\n\n\n\n<p><strong>Les propositions du ministre sont insuffisantes :&nbsp;nous avons besoin de temps et de moyens suppl\u00e9mentaires<\/strong><\/p>\n\n\n\n<p>Le ministre a envoy\u00e9 dans le week-end, \u00e0 tous les personnels, un mail pour banaliser deux heures lundi matin dans le second degr\u00e9 pour que les coll\u00e8gues se retrouvent avant de recevoir les \u00e9l\u00e8ves. Aucune mesure n&rsquo;est prise pour les coll\u00e8gues du premier degr\u00e9 pour \u00e9changer avant la reprise des \u00e9l\u00e8ves, hormis une r\u00e9union, en dehors du temps de travail et apr\u00e8s accueil des \u00e9l\u00e8ves. Une minute de silence sera observ\u00e9e l&rsquo;apr\u00e8s-midi. Et apr\u00e8s ?<\/p>\n\n\n\n<p>L&rsquo;actualit\u00e9 r\u00e9cente du 64 montre que l&rsquo;\u00e9ducation nationale est incapable de prendre les mesures simples de pr\u00e9vention pour prot\u00e9ger ses agents. Faut-il rappeler que l&rsquo;assassinat de notre coll\u00e8gue de St-Jean-de-Luz, en f\u00e9vrier dernier, aurait pu \u00eatre \u00e9vit\u00e9 si une v\u00e9ritable m\u00e9decine scolaire ainsi qu&rsquo;un v\u00e9ritable soutien socio-\u00e9ducatif avaient pu \u00eatre apport\u00e9s tout au long de l&rsquo;ann\u00e9e ?<\/p>\n\n\n\n<p>Sud \u00e9ducation 64-40 invite tous les personnels \u00e0 utiliser ces heures banalis\u00e9es pour s&rsquo;organiser, discuter, \u00e9prouver collectivement ce nouveau deuil et partager les craintes comme les revendications. Le syndicat soutiendra toutes les initiatives de d\u00e9brayages ou de gr\u00e8ve, de refus de reprendre le travail comme si de rien n&rsquo;\u00e9tait.<\/p>\n\n\n\n<p><strong>On ne construit pas l\u2019unit\u00e9 sur l\u2019effroi et la col\u00e8re<\/strong><\/p>\n\n\n\n<p>Gabriel Attal appelle une fois de plus \u00e0 l\u2019union nationale, \u00e0 ne \u00ab&nbsp;<em>rien laisser nous diviser<\/em>&nbsp;\u00bb mais comment pourrions-nous \u00ab\u00a0faire bloc\u00a0\u00bb avec ceux qui chaque jour cassent un peu plus le syst\u00e8me d&rsquo;\u00e9ducation ? Le gouvernement veut faire de la journ\u00e9e de lundi une c\u00e9l\u00e9bration du m\u00e9tier d&rsquo;enseignant. Nous ne sommes pas dupes et refusons que les responsables de notre souffrance au travail \u00ab\u00a0nous\u00a0\u00bb c\u00e9l\u00e8brent.. Ils bafouent l&rsquo;\u00e9galit\u00e9 de traitement, nos conditions de travail et ont mis en place un syst\u00e8me destructeur de r\u00e9pression des coll\u00e8gues comme nous l&rsquo;avons vu r\u00e9cemment \u00e0 Marseille, Saint Denis ou encore Amiens.<\/p>\n\n\n\n<p>Comment pourrions-nous faire l&rsquo;union sacr\u00e9e avec ceux qui ont introduit l&rsquo;ann\u00e9e par une offensive islamophobe, raciste et sexiste, attisant la haine sur le terrain de l&rsquo;\u00e9cole et permettant le d\u00e9cha\u00eenement de violence de l\u2019extr\u00eame-droite ? Nous \u0153uvrons chaque jour \u00e0 faire l\u2019unit\u00e9 malgr\u00e9 les obstacles sem\u00e9s par ceux-l\u00e0 m\u00eames qui nous y invitent aujourd\u2019hui, ceux qui rendent le quotidien des travailleurs de l&rsquo;\u00e9ducation et l\u2019accueil des \u00e9l\u00e8ves toujours plus difficile voir impossible ?<\/p>\n\n\n\n<p>On ne fabrique pas l\u2019unit\u00e9 du jour au lendemain. L\u2019unit\u00e9 se construit au quotidien dans nos \u00e9tablissements et non par les v\u0153ux pieux d&rsquo;un gouvernement qui sacrifie depuis des ann\u00e9es notre vision d&rsquo;une \u00e9cole \u00e9mancipatrice, inclusive et de justice sociale.<br>Nos \u00e9motions et nos larmes sont sinc\u00e8res. Mais, nous ne sommes plus dupes des larmes de crocodiles du gouvernement. Notre col\u00e8re contre ce gouvernement n&#8217;emp\u00eache pas notre deuil et sid\u00e9ration face&nbsp;\u00e0 la&nbsp;violence de ces \u00e9v\u00e9nements.<\/p>\n\n\n\n<p><strong>Nous ne d\u00e9roulerons pas le tapis rouge aux id\u00e9es racistes et fascistes : non \u00e0 l&rsquo;instrumentalisation de notre deuil !&nbsp;<\/strong><\/p>\n\n\n\n<p>Ce meurtre est un nouveau coup de semonce, apr\u00e8s une rentr\u00e9e difficile et sous tensions. Nous condamnons toutes les id\u00e9es r\u00e9actionnaires, toutes religions confondues (au nom de l&rsquo;islam, ou du catholicisme qui s&rsquo;attaquent aux coll\u00e8gues menant des projets lgbtqi+). L\u2019\u00e9cole doit \u00eatre un lieu o\u00f9 personne, \u00e9l\u00e8ves comme personnels, ne doit subir de la violence.<\/p>\n\n\n\n<p>Alors que nous devrions \u00eatre dans le recueillement et la solidarit\u00e9, un autre sentiment nous habite :&nbsp;celui de la peur de la r\u00e9cup\u00e9ration de cet \u00e9v\u00e9nement. Nous refusons de c\u00e9der une nouvelle fois au chantage du gouvernement, assimilant toute critique \u00e0 une atteinte aux valeurs de la R\u00e9publique. Nous refusons de nourrir les politiques fascistes et islamophobes, s&rsquo;attaquant une fois de plus \u00e0 certain\u00b7es de nos coll\u00e8gues, de nos \u00e9l\u00e8ves et de leurs familles.<\/p>\n\n\n\n<p>Nous refusons que les AED se transforment en vigiles et fouillent les sacs : cette mesure ne rentre pas dans leurs missions et en plus peut les mettre en danger.. Nous refusons de participer \u00e0 une m\u00e9fiance g\u00e9n\u00e9ralis\u00e9e vis-\u00e0-vis de nos \u00e9l\u00e8ves qui ne contribuera qu&rsquo;\u00e0 d\u00e9t\u00e9riorer le climat scolaire et la relation \u00e9ducative. Nous rejetons toute logique de fichage des \u00e9l\u00e8ves, exprimant un rejet de la minute de silence et pr\u00e9f\u00e9rant d&rsquo;autres formes de recueillement, Nous ne serons pas les auxiliaires dociles&nbsp; des obsessions racistes et autoritaires du gouvernement.<\/p>\n\n\n\n<p>En menant une politique raciste islamophobe, le gouvernement a fait de l&rsquo;\u00e9ducation nationale, le terrain d&rsquo;une guerre de classe et de race dont nous refusons d&rsquo;\u00eatre la chair \u00e0 canon. Nous appelons \u00e0 l&rsquo;abrogation des lois s\u00e9curitaires et racistes faisant de nos \u00e9coles un lieu de r\u00e9pression : abrogation de la loi sur les signes religieux de 2004 ; abrogation de la loi de s\u00e9curit\u00e9 globale. Nous maintenons nos revendications de r\u00e9gularisation imm\u00e9diate de tous les sans papiers, avec un accueil digne des \u00e9l\u00e8ves concern\u00e9.e.s et de leurs familles.&nbsp; Ces r\u00e9cents \u00e9v\u00e9nements prouvent de nouveau l&rsquo;impasse dans laquelle conduisent une \u00e9ternelle et inutile escalade s\u00e9curitaire.<\/p>\n\n\n\n<p>C&rsquo;est avec des moyens ambitieux allou\u00e9s \u00e0 l&rsquo;\u00e9ducation nationale que nous pourrons esp\u00e9rer faire reculer les obscurantismes.&nbsp;C&rsquo;est cette exigence de justice, de paix dans nos \u00e9tablissements qui guident nos positions.&nbsp;<\/p>\n\n\n\n<ul class=\"wp-block-list\">\n<li>Sud \u00e9ducation d\u00e9nonce les r\u00e9cup\u00e9rations racistes, en particulier islamophobes, de ce meurtre et se tiendra aux c\u00f4t\u00e9s des \u00e9l\u00e8ves, familles et personnels qui subiraient des mesures et propos discriminatoires.<\/li>\n<\/ul>\n\n\n\n<ul class=\"wp-block-list\">\n<li>Sud \u00e9ducation d\u00e9nonce le gouvernement qui en profite pour d\u00e9fendre son projet politique anti-social : refus des critiques sur les violences polici\u00e8res ; propagande sur son futur projet de loi sur l&rsquo;immigration qui va permettre une expulsion plus grande des \u00e9l\u00e8ves migrant.e.s. et sans papiers ; amalgame dangereux entre soutien \u00e0 la Palestine et antis\u00e9mitisme ; vision raciste de la la\u00efcit\u00e9.<br><\/li>\n\n\n\n<li>Sud \u00e9ducation d\u00e9nonce un communiqu\u00e9 r\u00e9cup\u00e9rateur qui d\u00e9fend \u00ab\u00a0une \u00e9cole debout\u00a0\u00bb alors que toutes les politiques \u00e9ducatives men\u00e9es n&rsquo;ont de cesse de mettre l&rsquo;\u00e9cole publique plus bas que terre, avec un niveau de souffrance au travail inqui\u00e9tant.<br><\/li>\n<\/ul>\n\n\n\n<p><strong>Nous sommes en deuil, nous sommes en col\u00e8re. Malgr\u00e9 cela nous restons d\u00e9termin\u00e9<\/strong><strong>\u00b7<\/strong><strong>es&nbsp;<\/strong><strong>\u00e0 d\u00e9fendre<\/strong><strong>&nbsp;notre vision pour l&rsquo;\u00e9cole.<\/strong><\/p>\n","protected":false},"excerpt":{"rendered":"<p>Suite \u00e0\u00a0l\u2019attaque \u00e0\u00a0Arras\u00a0: en deuil et en col\u00e8re, mais lucides sur les r\u00e9cup\u00e9rations en\u00a0cours\u00a0! Trois ans apr\u00e8s le meurtre de notre coll\u00e8gue Samuel Paty \u00e0 Conflans-Sainte-Honorine et huit mois apr\u00e8s [&hellip;]<\/p>\n","protected":false},"author":1,"featured_media":847,"comment_status":"open","ping_status":"open","sticky":false,"template":"","format":"standard","meta":{"footnotes":""},"categories":[5,6,13],"tags":[38,40,42],"class_list":["post-768","post","type-post","status-publish","format-standard","has-post-thumbnail","hentry","category-antiracisme-antifascisme","category-conditions-de-travail","category-luttes-dans-leducation","tag-antiracisme-antifascisme","tag-conditions-de-travail","tag-luttes-dans-leducation","entry","has-media"],"_links":{"self":[{"href":"https:\/\/sudeducation6440.org\/index.php\/wp-json\/wp\/v2\/posts\/768","targetHints":{"allow":["GET"]}}],"collection":[{"href":"https:\/\/sudeducation6440.org\/index.php\/wp-json\/wp\/v2\/posts"}],"about":[{"href":"https:\/\/sudeducation6440.org\/index.php\/wp-json\/wp\/v2\/types\/post"}],"author":[{"embeddable":true,"href":"https:\/\/sudeducation6440.org\/index.php\/wp-json\/wp\/v2\/users\/1"}],"replies":[{"embeddable":true,"href":"https:\/\/sudeducation6440.org\/index.php\/wp-json\/wp\/v2\/comments?post=768"}],"version-history":[{"count":1,"href":"https:\/\/sudeducation6440.org\/index.php\/wp-json\/wp\/v2\/posts\/768\/revisions"}],"predecessor-version":[{"id":769,"href":"https:\/\/sudeducation6440.org\/index.php\/wp-json\/wp\/v2\/posts\/768\/revisions\/769"}],"wp:featuredmedia":[{"embeddable":true,"href":"https:\/\/sudeducation6440.org\/index.php\/wp-json\/wp\/v2\/media\/847"}],"wp:attachment":[{"href":"https:\/\/sudeducation6440.org\/index.php\/wp-json\/wp\/v2\/media?parent=768"}],"wp:term":[{"taxonomy":"category","embeddable":true,"href":"https:\/\/sudeducation6440.org\/index.php\/wp-json\/wp\/v2\/categories?post=768"},{"taxonomy":"post_tag","embeddable":true,"href":"https:\/\/sudeducation6440.org\/index.php\/wp-json\/wp\/v2\/tags?post=768"}],"curies":[{"name":"wp","href":"https:\/\/api.w.org\/{rel}","templated":true}]}}