{"id":815,"date":"2023-11-08T14:44:59","date_gmt":"2023-11-08T13:44:59","guid":{"rendered":"https:\/\/sudeducation6440.org\/?p=815"},"modified":"2023-11-08T14:47:54","modified_gmt":"2023-11-08T13:47:54","slug":"harcelement-scolaire-un-questionnaire-cest-bien-des-formations-et-des-moyens-cest-mieux","status":"publish","type":"post","link":"https:\/\/sudeducation6440.org\/index.php\/2023\/11\/08\/harcelement-scolaire-un-questionnaire-cest-bien-des-formations-et-des-moyens-cest-mieux\/","title":{"rendered":"Harc\u00e8lement scolaire\u00a0: un questionnaire c\u2019est bien, des formations et des moyens c\u2019est\u00a0mieux"},"content":{"rendered":"\n<p class=\"has-white-color has-text-color has-background has-link-color has-medium-font-size wp-elements-aa60c615cd9fb5361c95334746dfd6fd\" style=\"background-color:#1e1e1e;font-style:normal;font-weight:700\">HARCELEMENT SCOLAIRE : UN QUESTIONNAIRE C&rsquo;EST BIEN, DES FORMATIONS ET DES MOYENS C&rsquo;EST MIEUX<\/p>\n\n\n\n<p>Dans le cadre du plan minist\u00e9riel de lutte contre le harc\u00e8lement scolaire, les personnels ont \u00e9t\u00e9 destinataires, pendant les vacances d&rsquo;automne, d\u2019un questionnaire \u00e0 faire passer \u00e0 l\u2019ensemble des \u00e9l\u00e8ves du CE2 \u00e0 la terminale d\u00e8s la semaine de la rentr\u00e9e, \u00e0 partir du jeudi 9 novembre. Ce questionnaire anonymis\u00e9, assorti d\u2019un guide de passation pour les personnels, est pr\u00e9sent\u00e9 par le minist\u00e8re comme un outil permettant de faire un \u00e9tat des lieux des situations de harc\u00e8lement dans les \u00e9coles et les \u00e9tablissements scolaires.<\/p>\n\n\n\n<p>SUD \u00e9ducation s\u2019est d\u00e9j\u00e0 exprim\u00e9 \u00e0 de nombreuses reprises pour rappeler que la lutte contre le harc\u00e8lement n\u2019\u00e9tait pas assez prise en compte par l\u2019institution et on ne reprochera donc pas au minist\u00e8re de l\u2019\u00c9ducation nationale de prendre enfin \u00e0 bras le corps ce probl\u00e8me social majeur, qui a d\u00e9j\u00e0 fait de trop nombreuses victimes.<\/p>\n\n\n\n<p>Cependant, lors des r\u00e9unions de travail sur le questionnaire et lors du Conseil sup\u00e9rieur de l\u2019\u00e9ducation (CSE), SUD \u00e9ducation n\u2019a pas manqu\u00e9 de signaler que l\u2019objectif initialement affich\u00e9 par le minist\u00e8re de faire absolument passer ce questionnaire d\u00e8s la journ\u00e9e du 9 novembre \u00e9tait incompatible avec la n\u00e9cessaire discussion collective au sein des \u00e9quipes p\u00e9dagogiques et ne permettait aucune appropriation collective. En revoyant sa copie et en laissant jusqu&rsquo;au 15 novembre, le minist\u00e8re semble avoir compris que l&rsquo;urgence ne doit pas \u00eatre synonyme de pr\u00e9cipitation. Pour autant, il ne faudrait pas confondre le temps politique et le temps \u00e9ducatif : pour lutter efficacement contre le harc\u00e8lement scolaire, les personnels ont besoin de formation et ont besoin de temps de concertation \u2013 autant de choses qui font cruellement d\u00e9faut aujourd\u2019hui dans l\u2019\u00c9ducation nationale.<\/p>\n\n\n\n<p>La lib\u00e9ration de la parole est salutaire et ce questionnaire pourrait permettre \u00e0 des \u00e9l\u00e8ves de mettre des mots sur ce qu\u2019ils et elles ressentent mais encore faut-il que cette parole puisse \u00eatre \u00e9cout\u00e9e dans les meilleures conditions. L\u00e0 encore, SUD \u00e9ducation d\u00e9plore le manque d\u2019anticipation du minist\u00e8re, qui semble ignorer que les \u00e9coles et les \u00e9tablissements ne disposent pas d\u2019une cellule d\u2019\u00e9coute d\u00e9di\u00e9e aux&nbsp; \u00e9l\u00e8ves avec des personnels form\u00e9\u00b7es. Bref, comme trop souvent, le Minist\u00e8re nous demande de faire mieux sans moyens suppl\u00e9mentaires.<\/p>\n\n\n\n<p><strong>Pour faire reculer le harc\u00e8lement scolaire, SUD \u00e9ducation revendique :&nbsp;<\/strong><\/p>\n\n\n\n<ul class=\"wp-block-list\">\n<li><strong>la cr\u00e9ation de postes dans la m\u00e9decine scolaire et l&rsquo;assistance sociale,<\/strong><\/li>\n\n\n\n<li><strong>la cr\u00e9ation de postes pour r\u00e9duire les effectifs par classe et renforcer les vies scolaires,<\/strong><\/li>\n\n\n\n<li><strong>la mise en place de vraies formations \u00e0 l\u2019identification et la prise en charge des situations de harc\u00e8lement dans les \u00e9coles et les \u00e9tablissements scolaires.<\/strong><\/li>\n<\/ul>\n\n\n<figure class=\"wp-block-post-featured-image\"><img loading=\"lazy\" decoding=\"async\" width=\"1024\" height=\"1024\" src=\"https:\/\/sudeducation6440.org\/wp-content\/uploads\/2023\/11\/image_648732721-1024x1024-1.jpg\" class=\"attachment-post-thumbnail size-post-thumbnail wp-post-image\" alt=\"\" style=\"object-fit:cover;\" srcset=\"https:\/\/sudeducation6440.org\/wp-content\/uploads\/2023\/11\/image_648732721-1024x1024-1.jpg 1024w, https:\/\/sudeducation6440.org\/wp-content\/uploads\/2023\/11\/image_648732721-1024x1024-1-300x300.jpg 300w, https:\/\/sudeducation6440.org\/wp-content\/uploads\/2023\/11\/image_648732721-1024x1024-1-150x150.jpg 150w, https:\/\/sudeducation6440.org\/wp-content\/uploads\/2023\/11\/image_648732721-1024x1024-1-768x768.jpg 768w, https:\/\/sudeducation6440.org\/wp-content\/uploads\/2023\/11\/image_648732721-1024x1024-1-600x600.jpg 600w\" sizes=\"auto, (max-width: 1024px) 100vw, 1024px\" \/><\/figure>","protected":false},"excerpt":{"rendered":"<p>HARCELEMENT SCOLAIRE : UN QUESTIONNAIRE C&rsquo;EST BIEN, DES FORMATIONS ET DES MOYENS C&rsquo;EST MIEUX Dans le cadre du plan minist\u00e9riel de lutte contre le harc\u00e8lement scolaire, les personnels ont \u00e9t\u00e9 [&hellip;]<\/p>\n","protected":false},"author":1,"featured_media":818,"comment_status":"open","ping_status":"open","sticky":false,"template":"","format":"standard","meta":{"footnotes":""},"categories":[6,9,13,18,30,31],"tags":[40,42,46,44],"class_list":["post-815","post","type-post","status-publish","format-standard","has-post-thumbnail","hentry","category-conditions-de-travail","category-enseignement-professionnel","category-luttes-dans-leducation","category-pedagogie","category-premier-degre","category-second-degre","tag-conditions-de-travail","tag-luttes-dans-leducation","tag-premier-degre","tag-second-degre","entry","has-media"],"_links":{"self":[{"href":"https:\/\/sudeducation6440.org\/index.php\/wp-json\/wp\/v2\/posts\/815","targetHints":{"allow":["GET"]}}],"collection":[{"href":"https:\/\/sudeducation6440.org\/index.php\/wp-json\/wp\/v2\/posts"}],"about":[{"href":"https:\/\/sudeducation6440.org\/index.php\/wp-json\/wp\/v2\/types\/post"}],"author":[{"embeddable":true,"href":"https:\/\/sudeducation6440.org\/index.php\/wp-json\/wp\/v2\/users\/1"}],"replies":[{"embeddable":true,"href":"https:\/\/sudeducation6440.org\/index.php\/wp-json\/wp\/v2\/comments?post=815"}],"version-history":[{"count":4,"href":"https:\/\/sudeducation6440.org\/index.php\/wp-json\/wp\/v2\/posts\/815\/revisions"}],"predecessor-version":[{"id":820,"href":"https:\/\/sudeducation6440.org\/index.php\/wp-json\/wp\/v2\/posts\/815\/revisions\/820"}],"wp:featuredmedia":[{"embeddable":true,"href":"https:\/\/sudeducation6440.org\/index.php\/wp-json\/wp\/v2\/media\/818"}],"wp:attachment":[{"href":"https:\/\/sudeducation6440.org\/index.php\/wp-json\/wp\/v2\/media?parent=815"}],"wp:term":[{"taxonomy":"category","embeddable":true,"href":"https:\/\/sudeducation6440.org\/index.php\/wp-json\/wp\/v2\/categories?post=815"},{"taxonomy":"post_tag","embeddable":true,"href":"https:\/\/sudeducation6440.org\/index.php\/wp-json\/wp\/v2\/tags?post=815"}],"curies":[{"name":"wp","href":"https:\/\/api.w.org\/{rel}","templated":true}]}}