{"id":822,"date":"2023-11-08T15:05:46","date_gmt":"2023-11-08T14:05:46","guid":{"rendered":"https:\/\/sudeducation6440.org\/?p=822"},"modified":"2023-11-08T15:10:10","modified_gmt":"2023-11-08T14:10:10","slug":"mutations-inter-2024-sud-education-vous-informe","status":"publish","type":"post","link":"https:\/\/sudeducation6440.org\/index.php\/2023\/11\/08\/mutations-inter-2024-sud-education-vous-informe\/","title":{"rendered":"Mutations inter 2024 : SUD \u00e9ducation vous informe !"},"content":{"rendered":"<h2 style=\"background-color:#1e1e1e; font-style:normal;font-weight:600;text-transform:uppercase;\" class=\"has-link-color wp-elements-8df6daa581d5582ce5d5b09cd16d0d23 wp-block-post-title has-text-color has-white-color has-background has-medium-font-size\">Mutations inter 2024 : SUD \u00e9ducation vous informe !<\/h2>\n\n<figure class=\"wp-block-post-featured-image\"><img loading=\"lazy\" decoding=\"async\" width=\"773\" height=\"409\" src=\"https:\/\/sudeducation6440.org\/wp-content\/uploads\/2023\/11\/mutations-visio-1.png\" class=\"attachment-post-thumbnail size-post-thumbnail wp-post-image\" alt=\"\" style=\"object-fit:cover;\" srcset=\"https:\/\/sudeducation6440.org\/wp-content\/uploads\/2023\/11\/mutations-visio-1.png 773w, https:\/\/sudeducation6440.org\/wp-content\/uploads\/2023\/11\/mutations-visio-1-300x159.png 300w, https:\/\/sudeducation6440.org\/wp-content\/uploads\/2023\/11\/mutations-visio-1-768x406.png 768w\" sizes=\"auto, (max-width: 773px) 100vw, 773px\" \/><\/figure>\n\n\n<p>Vous souhaitez participer au mouvement, n\u00e9anmoins la proc\u00e9dure de mutation dans l\u2019\u00c9ducation nationale peut sembler opaque. Il est par cons\u00e9quent tr\u00e8s important d\u2019\u00eatre accompagn\u00e9\u00b7e par SUD \u00e9ducation afin de vous aider dans vos d\u00e9marches. Les \u00e9lu\u00b7es et les militant\u00b7es de SUD \u00e9ducation sont \u00e0 vos c\u00f4t\u00e9s pour d\u00e9fendre l\u2019\u00e9galit\u00e9 de traitement entre tous les personnels et s\u2019assurer que tou\u00b7tes disposent des m\u00eames informations concernant les proc\u00e9dures de mutation. Retrouvez ci-dessous les informations pour vous inscrire aux visios et le calendrier du mouvement.<\/p>\n\n\n\n<p>Le manque de postes dans le premier comme dans le second degr\u00e9 ont largement contribu\u00e9 \u00e0 bloquer la mobilit\u00e9 des personnels. Il devient de plus en plus difficile pour les enseignant\u00b7es du second degr\u00e9 d\u2019obtenir certaines acad\u00e9mies \u00e0 cause des suppressions de postes.<\/p>\n\n\n\n<p>Les mutations se d\u00e9roulent en deux temps : d\u2019abord le mouvement inter-acad\u00e9mique pour changer d\u2019acad\u00e9mie, puis le mouvement intra-acad\u00e9mique pour pouvoir faire des v\u0153ux \u00e0 l\u2019int\u00e9rieur de votre acad\u00e9mie.<\/p>\n\n\n\n<p>Vous pourrez faire vos v\u0153ux du&nbsp;<strong>mercredi 8 au mercredi 29 novembre 2023 \u00e0 midi.&nbsp;<\/strong><\/p>\n\n\n\n<h2 class=\"wp-block-heading has-medium-font-size\" style=\"text-transform:uppercase\"><span style=\"text-decoration: underline;\">Le site &amp; le journal mutation de SUD \u00e9ducation<\/span><\/h2>\n\n\n\n<p>Sur&nbsp;<a href=\"https:\/\/mutations.sudeducation.org\/\">le site sp\u00e9cial mutations de SUD \u00e9ducation<\/a>, vous trouverez :<\/p>\n\n\n\n<ul class=\"wp-block-list\">\n<li>les barres d&rsquo;entr\u00e9e des ann\u00e9es pr\u00e9c\u00e9dentes,<\/li>\n\n\n\n<li>un simulateur pour calculer votre bar\u00e8me,<\/li>\n\n\n\n<li>un formulaire \u00e0 remplir pour \u00eatre accompagn\u00e9\u00b7e par SUD \u00e9ducation.<\/li>\n<\/ul>\n\n\n\n<p>Dans le&nbsp;<a href=\"https:\/\/www.sudeducation.org\/wp-content\/uploads\/2022\/11\/journal-mouvement-inter-2023-3.pdf\">journal sp\u00e9cial mouvement inter 2d<\/a>, vous trouverez toutes les informations relatives au mouvement.<\/p>\n\n\n\n<h2 class=\"wp-block-heading has-medium-font-size\" style=\"font-style:normal;font-weight:600;text-transform:uppercase\"><span style=\"text-decoration: underline;\">Les visios ouvertes d&rsquo;information<\/span><\/h2>\n\n\n\n<p>SUD \u00e9ducation organise des visios d&rsquo;information syndicales ouvertes pour vous informer au sujet du mouvement.<\/p>\n\n\n\n<p><strong>Dans le premier degr\u00e9 :&nbsp;<a href=\"https:\/\/mutations.sudeducation.org\/visio-dinformation-premier-degre\/\">pour vous inscrire, c&rsquo;est par ici<\/a><\/strong><\/p>\n\n\n\n<ul class=\"wp-block-list\">\n<li>Le mardi 7 novembre \u00e0 19h,<\/li>\n\n\n\n<li>Le mercredi 15 novembre \u00e0 18h.<\/li>\n<\/ul>\n\n\n\n<p><strong>Dans le second degr\u00e9 :&nbsp;<a href=\"https:\/\/mutations.sudeducation.org\/visio-dinformation-second-degre\/\">pour s&rsquo;inscrire, c&rsquo;est par l\u00e0<\/a><\/strong><\/p>\n\n\n\n<ul class=\"wp-block-list\">\n<li>Le mercredi 8 novembre \u00e0 18h,<\/li>\n\n\n\n<li>Le jeudi 16 novembre 20h.<\/li>\n<\/ul>\n\n\n\n<h5 class=\"wp-block-heading has-medium-font-size\" style=\"font-style:normal;font-weight:600;text-transform:uppercase\"><span style=\"text-decoration: underline;\">Le calendrier du mouvement inter<\/span><\/h5>\n\n\n\n<p><strong>Du 8 au 29 novembre 2023 \u00e0 12h :<\/strong>\u00a0Saisie des v\u0153ux (31 au maximum) pour des acad\u00e9mies ou pour les mouvements sp\u00e9cifiques (15 au maximum).<\/p>\n\n\n\n<p><strong>\u00c0 partir du 30 novembre 2023 :<\/strong>\u00a0T\u00e9l\u00e9chargement de votre confirmation de demande dans l\u2019application SIAM. La confirmation doit ensuite \u00eatre transmise sign\u00e9e \u00e0 votre chef\u00b7fe d\u2019\u00e9tablissement avec les pi\u00e8ces justificatives en respectant les dates fix\u00e9es par le rectorat.<\/p>\n\n\n\n<p><strong>D\u00e9cembre 2023 :<\/strong>\u00a0Constitution de votre dossier justifiant votre situation de handicap, respectez les d\u00e9lais fix\u00e9s par le rectorat.<\/p>\n\n\n\n<p><strong>Janvier 2024 :<\/strong>\u00a0Consultation de votre bar\u00e8me et, en cas de d\u00e9saccord, contactez au plus vite votre rectorat.<\/p>\n\n\n\n<p><strong>10 f\u00e9vrier 2023 \u00e0 minuit :<\/strong>\u00a0Date limite pour envoyer une demande tardive de participation au mouvement, d\u2019annulation ou de modification de demande.<\/p>\n\n\n\n<p><strong>6 mars 2023 :<\/strong>\u00a0R\u00e9sultat de votre demande de mutation sur I-Prof.<\/p>\n\n\n\n<h2 class=\"wp-block-heading has-medium-font-size\" style=\"font-style:normal;font-weight:600;text-transform:uppercase\"><span style=\"text-decoration: underline;\">Les articles sp\u00e9cifiques \u00e0 consulter sur le site f\u00e9d\u00e9ral<\/span><\/h2>\n\n\n\n<div class=\"wp-block-media-text is-stacked-on-mobile\" style=\"grid-template-columns:30% auto\"><figure class=\"wp-block-media-text__media\"><img loading=\"lazy\" decoding=\"async\" width=\"578\" height=\"400\" src=\"https:\/\/sudeducation6440.org\/wp-content\/uploads\/2023\/11\/Carte-mouvement-1D-2023-578x400-1.png\" alt=\"\" class=\"wp-image-824 size-full\" srcset=\"https:\/\/sudeducation6440.org\/wp-content\/uploads\/2023\/11\/Carte-mouvement-1D-2023-578x400-1.png 578w, https:\/\/sudeducation6440.org\/wp-content\/uploads\/2023\/11\/Carte-mouvement-1D-2023-578x400-1-300x208.png 300w\" sizes=\"auto, (max-width: 578px) 100vw, 578px\" \/><\/figure><div class=\"wp-block-media-text__content\">\n<p class=\"has-medium-font-size\"><a href=\"https:\/\/www.sudeducation.org\/mouvement-interdepartemental-rentree-2024\/\"><span style=\"text-decoration: underline;\">Mouvement interd\u00e9partemental rentr\u00e9e 2024<\/span><\/a><\/p>\n<\/div><\/div>\n\n\n\n<div class=\"wp-block-media-text is-stacked-on-mobile\" style=\"grid-template-columns:20% auto\"><figure class=\"wp-block-media-text__media\"><img loading=\"lazy\" decoding=\"async\" width=\"724\" height=\"1024\" src=\"https:\/\/sudeducation6440.org\/wp-content\/uploads\/2023\/11\/mutation-2nd-degre-tract-2023-724x1024.png\" alt=\"\" class=\"wp-image-825 size-full\" srcset=\"https:\/\/sudeducation6440.org\/wp-content\/uploads\/2023\/11\/mutation-2nd-degre-tract-2023-724x1024.png 724w, https:\/\/sudeducation6440.org\/wp-content\/uploads\/2023\/11\/mutation-2nd-degre-tract-2023-212x300.png 212w, https:\/\/sudeducation6440.org\/wp-content\/uploads\/2023\/11\/mutation-2nd-degre-tract-2023-768x1086.png 768w, https:\/\/sudeducation6440.org\/wp-content\/uploads\/2023\/11\/mutation-2nd-degre-tract-2023-1086x1536.png 1086w, https:\/\/sudeducation6440.org\/wp-content\/uploads\/2023\/11\/mutation-2nd-degre-tract-2023.png 1200w\" sizes=\"auto, (max-width: 724px) 100vw, 724px\" \/><\/figure><div class=\"wp-block-media-text__content\">\n<p class=\"has-medium-font-size\"><a href=\"https:\/\/www.sudeducation.org\/mutations-2023-2024-pour-les-personnels-du-second-degre-faites-vos-voeux\/\">Mutations 2023\u200a\u2013\u200a2024 pour les personnels du second degr\u00e9\u00a0: faites vos\u00a0v\u0153ux\u202f!<\/a><\/p>\n<\/div><\/div>\n\n\n\n<div class=\"wp-block-media-text is-stacked-on-mobile\" style=\"grid-template-columns:20% auto\"><figure class=\"wp-block-media-text__media\"><img loading=\"lazy\" decoding=\"async\" width=\"724\" height=\"1024\" src=\"https:\/\/sudeducation6440.org\/wp-content\/uploads\/2023\/11\/Stagiaires-mutations_1-1-724x1024.png\" alt=\"\" class=\"wp-image-826 size-full\" srcset=\"https:\/\/sudeducation6440.org\/wp-content\/uploads\/2023\/11\/Stagiaires-mutations_1-1-724x1024.png 724w, https:\/\/sudeducation6440.org\/wp-content\/uploads\/2023\/11\/Stagiaires-mutations_1-1-212x300.png 212w, https:\/\/sudeducation6440.org\/wp-content\/uploads\/2023\/11\/Stagiaires-mutations_1-1-768x1086.png 768w, https:\/\/sudeducation6440.org\/wp-content\/uploads\/2023\/11\/Stagiaires-mutations_1-1-1086x1536.png 1086w, https:\/\/sudeducation6440.org\/wp-content\/uploads\/2023\/11\/Stagiaires-mutations_1-1.png 1200w\" sizes=\"auto, (max-width: 724px) 100vw, 724px\" \/><\/figure><div class=\"wp-block-media-text__content\">\n<p class=\"has-medium-font-size\"><a href=\"https:\/\/www.sudeducation.org\/tracts\/stagiaires-faites-vos-voeux\/\">Stagiaires, faites vos\u00a0voeux\u202f!<\/a><\/p>\n<\/div><\/div>\n","protected":false},"excerpt":{"rendered":"<p>Vous souhaitez participer au mouvement, n\u00e9anmoins la proc\u00e9dure de mutation dans l\u2019\u00c9ducation nationale peut sembler opaque. Il est par cons\u00e9quent tr\u00e8s important d\u2019\u00eatre accompagn\u00e9\u00b7e par SUD \u00e9ducation afin de vous [&hellip;]<\/p>\n","protected":false},"author":1,"featured_media":827,"comment_status":"open","ping_status":"open","sticky":false,"template":"","format":"standard","meta":{"footnotes":""},"categories":[9,16,30,31],"tags":[47,46,44],"class_list":["post-822","post","type-post","status-publish","format-standard","has-post-thumbnail","hentry","category-enseignement-professionnel","category-mutations","category-premier-degre","category-second-degre","tag-mutations","tag-premier-degre","tag-second-degre","entry","has-media"],"_links":{"self":[{"href":"https:\/\/sudeducation6440.org\/index.php\/wp-json\/wp\/v2\/posts\/822","targetHints":{"allow":["GET"]}}],"collection":[{"href":"https:\/\/sudeducation6440.org\/index.php\/wp-json\/wp\/v2\/posts"}],"about":[{"href":"https:\/\/sudeducation6440.org\/index.php\/wp-json\/wp\/v2\/types\/post"}],"author":[{"embeddable":true,"href":"https:\/\/sudeducation6440.org\/index.php\/wp-json\/wp\/v2\/users\/1"}],"replies":[{"embeddable":true,"href":"https:\/\/sudeducation6440.org\/index.php\/wp-json\/wp\/v2\/comments?post=822"}],"version-history":[{"count":2,"href":"https:\/\/sudeducation6440.org\/index.php\/wp-json\/wp\/v2\/posts\/822\/revisions"}],"predecessor-version":[{"id":832,"href":"https:\/\/sudeducation6440.org\/index.php\/wp-json\/wp\/v2\/posts\/822\/revisions\/832"}],"wp:featuredmedia":[{"embeddable":true,"href":"https:\/\/sudeducation6440.org\/index.php\/wp-json\/wp\/v2\/media\/827"}],"wp:attachment":[{"href":"https:\/\/sudeducation6440.org\/index.php\/wp-json\/wp\/v2\/media?parent=822"}],"wp:term":[{"taxonomy":"category","embeddable":true,"href":"https:\/\/sudeducation6440.org\/index.php\/wp-json\/wp\/v2\/categories?post=822"},{"taxonomy":"post_tag","embeddable":true,"href":"https:\/\/sudeducation6440.org\/index.php\/wp-json\/wp\/v2\/tags?post=822"}],"curies":[{"name":"wp","href":"https:\/\/api.w.org\/{rel}","templated":true}]}}