{"id":873,"date":"2023-11-15T16:12:56","date_gmt":"2023-11-15T15:12:56","guid":{"rendered":"https:\/\/sudeducation6440.org\/?p=873"},"modified":"2023-11-15T16:41:23","modified_gmt":"2023-11-15T15:41:23","slug":"la-cite-scolaire-gaston-febus-dorthez-en-lutte-pour-la-creation-dun-poste-daed","status":"publish","type":"post","link":"https:\/\/sudeducation6440.org\/index.php\/2023\/11\/15\/la-cite-scolaire-gaston-febus-dorthez-en-lutte-pour-la-creation-dun-poste-daed\/","title":{"rendered":"La cit\u00e9 scolaire Gaston F\u00e9bus d&rsquo;Orthez en lutte pour la cr\u00e9ation d&rsquo;un poste d&rsquo;AED"},"content":{"rendered":"\n<h2 class=\"wp-block-heading has-white-color has-text-color has-background has-link-color has-medium-font-size wp-elements-e5d96bbc16cc93fa2e953d2e9017210b\" style=\"background-color:#1c1919;font-style:normal;font-weight:700;text-transform:uppercase\">La cit\u00e9 scolaire gaston f\u00e9bus d&rsquo;orthez en lutte pour la cr\u00e9ation d&rsquo;un poste d&rsquo;aed<\/h2>\n\n\n\n<p style=\"font-size:18px\">SUD \u00e9ducation 64-40 s&rsquo;est joint, le 10 novembre 2023, \u00e0 la communaut\u00e9 \u00e9ducative \u00ab\u00a0F\u00e9bus en lutte\u00a0\u00bb, qui demande depuis plusieurs mois la cr\u00e9ation d&rsquo;un poste d&rsquo;AED au coll\u00e8ge de la cit\u00e9 scolaire Gaston F\u00e9bus.<\/p>\n\n\n\n<p>Un collectif d&rsquo;enseignants, de personnels et de repr\u00e9sentants de parents d&rsquo;\u00e9l\u00e8ves s&rsquo;est r\u00e9uni, le vendredi 10 novembre, devant l&rsquo;entr\u00e9e de la cit\u00e9 scolaire Gaston F\u00e9bus pour r\u00e9clamer la cr\u00e9ation d&rsquo;un poste d&rsquo;AED au coll\u00e8ge. Actuellement, ils ne sont que trois pour assurer l&rsquo;encadrement de 470 \u00e9l\u00e8ves, soit un pour 146, au lieu de un pour 88 en moyenne au niveau national.<\/p>\n\n\n\n<p>Suite \u00e0 un bras de fer engag\u00e9 avec le rectorat depuis septembre 2023, le collectif a r\u00e9ussi \u00e0 obtenir la cr\u00e9ation d&rsquo;un poste \u00e0 40% (0,4 ETP), mais le niveau d&rsquo;encadrement reste insuffisant : le coll\u00e8ge d\u00e9plore toujours une d\u00e9gradation notable de la s\u00e9curit\u00e9 dans les espaces collectifs du coll\u00e8ge, aussi bien pour les \u00e9l\u00e8ves que pour les personnels. <\/p>\n\n\n\n<p>SUD \u00e9ducation 64-40 exige, aux c\u00f4t\u00e9s du collectif \u00ab\u00a0F\u00e9bus en lutte\u00a0\u00bb, la cr\u00e9ation d&rsquo;un poste complet d&rsquo;AED. Un pr\u00e9avis de gr\u00e8ve a \u00e9t\u00e9 d\u00e9pos\u00e9 pour le jeudi 16 novembre 2023.<\/p>\n\n\n\n<p><a href=\"https:\/\/www.larepubliquedespyrenees.fr\/pyrenees-atlantiques\/orthez\/orthez-a-febus-une-mobilisation-toujours-forte-pour-demander-un-poste-d-assistant-d-education-17413880.php#article-comments\" data-type=\"link\" data-id=\"https:\/\/www.larepubliquedespyrenees.fr\/pyrenees-atlantiques\/orthez\/orthez-a-febus-une-mobilisation-toujours-forte-pour-demander-un-poste-d-assistant-d-education-17413880.php#article-comments\">Article \u00e0 lire dans La R\u00e9publique des Pyr\u00e9n\u00e9es<\/a><\/p>\n","protected":false},"excerpt":{"rendered":"<p>La cit\u00e9 scolaire gaston f\u00e9bus d&rsquo;orthez en lutte pour la cr\u00e9ation d&rsquo;un poste d&rsquo;aed SUD \u00e9ducation 64-40 s&rsquo;est joint, le 10 novembre 2023, \u00e0 la communaut\u00e9 \u00e9ducative \u00ab\u00a0F\u00e9bus en lutte\u00a0\u00bb, [&hellip;]<\/p>\n","protected":false},"author":1,"featured_media":872,"comment_status":"open","ping_status":"open","sticky":false,"template":"","format":"standard","meta":{"footnotes":""},"categories":[29,6,13,15,31],"tags":[48,40,42,36,44],"class_list":["post-873","post","type-post","status-publish","format-standard","has-post-thumbnail","hentry","category-aed","category-conditions-de-travail","category-luttes-dans-leducation","category-manifs-rassemblements","category-second-degre","tag-aed","tag-conditions-de-travail","tag-luttes-dans-leducation","tag-manifs-rassemblements","tag-second-degre","entry","has-media"],"_links":{"self":[{"href":"https:\/\/sudeducation6440.org\/index.php\/wp-json\/wp\/v2\/posts\/873","targetHints":{"allow":["GET"]}}],"collection":[{"href":"https:\/\/sudeducation6440.org\/index.php\/wp-json\/wp\/v2\/posts"}],"about":[{"href":"https:\/\/sudeducation6440.org\/index.php\/wp-json\/wp\/v2\/types\/post"}],"author":[{"embeddable":true,"href":"https:\/\/sudeducation6440.org\/index.php\/wp-json\/wp\/v2\/users\/1"}],"replies":[{"embeddable":true,"href":"https:\/\/sudeducation6440.org\/index.php\/wp-json\/wp\/v2\/comments?post=873"}],"version-history":[{"count":3,"href":"https:\/\/sudeducation6440.org\/index.php\/wp-json\/wp\/v2\/posts\/873\/revisions"}],"predecessor-version":[{"id":884,"href":"https:\/\/sudeducation6440.org\/index.php\/wp-json\/wp\/v2\/posts\/873\/revisions\/884"}],"wp:featuredmedia":[{"embeddable":true,"href":"https:\/\/sudeducation6440.org\/index.php\/wp-json\/wp\/v2\/media\/872"}],"wp:attachment":[{"href":"https:\/\/sudeducation6440.org\/index.php\/wp-json\/wp\/v2\/media?parent=873"}],"wp:term":[{"taxonomy":"category","embeddable":true,"href":"https:\/\/sudeducation6440.org\/index.php\/wp-json\/wp\/v2\/categories?post=873"},{"taxonomy":"post_tag","embeddable":true,"href":"https:\/\/sudeducation6440.org\/index.php\/wp-json\/wp\/v2\/tags?post=873"}],"curies":[{"name":"wp","href":"https:\/\/api.w.org\/{rel}","templated":true}]}}