{"id":922,"date":"2023-11-28T11:24:44","date_gmt":"2023-11-28T10:24:44","guid":{"rendered":"https:\/\/sudeducation6440.org\/?p=922"},"modified":"2023-12-08T10:50:10","modified_gmt":"2023-12-08T09:50:10","slug":"greve-pour-le-retrait-du-projet-de-reforme-grandjean-contre-le-lycee-professionnel","status":"publish","type":"post","link":"https:\/\/sudeducation6440.org\/index.php\/2023\/11\/28\/greve-pour-le-retrait-du-projet-de-reforme-grandjean-contre-le-lycee-professionnel\/","title":{"rendered":"Gr\u00e8ve le 12\/12 pour le retrait du projet de r\u00e9forme Grandjean contre le lyc\u00e9e professionnel"},"content":{"rendered":"\n<h2 class=\"wp-block-heading has-white-color has-text-color has-background has-link-color has-large-font-size wp-elements-a76b385c295bdf5970e815e6a1e69e96\" style=\"background-color:#2c2a2a;font-style:normal;font-weight:600;text-transform:uppercase\">Gr\u00e8ve le 12\/12 pour le retrait du projet de r\u00e9forme Grandjean contre le lyc\u00e9e professionnel<\/h2>\n\n\n\n<p><strong><span style=\"text-decoration: underline;\">\u2022 Tract f\u00e9d\u00e9ral de SUD \u00e9ducation<\/span><\/strong><\/p>\n\n\n\n<figure class=\"wp-block-image size-full\"><img loading=\"lazy\" decoding=\"async\" width=\"724\" height=\"1024\" src=\"https:\/\/sudeducation6440.org\/wp-content\/uploads\/2023\/12\/2023-12-12-Greve-LP-724x1024-1.png\" alt=\"\" class=\"wp-image-950\" srcset=\"https:\/\/sudeducation6440.org\/wp-content\/uploads\/2023\/12\/2023-12-12-Greve-LP-724x1024-1.png 724w, https:\/\/sudeducation6440.org\/wp-content\/uploads\/2023\/12\/2023-12-12-Greve-LP-724x1024-1-212x300.png 212w\" sizes=\"auto, (max-width: 724px) 100vw, 724px\" \/><\/figure>\n\n\n\n<p>\u2022 <strong><span style=\"text-decoration: underline;\">Communiqu\u00e9 unitaire intersyndical<\/span><\/strong><\/p>\n\n\n\n<figure class=\"wp-block-image size-full\"><img loading=\"lazy\" decoding=\"async\" width=\"724\" height=\"1024\" src=\"https:\/\/sudeducation6440.org\/wp-content\/uploads\/2023\/12\/2023-11-29-Communique-unitaire-CSL-LP-724x1024-1.png\" alt=\"\" class=\"wp-image-951\" srcset=\"https:\/\/sudeducation6440.org\/wp-content\/uploads\/2023\/12\/2023-11-29-Communique-unitaire-CSL-LP-724x1024-1.png 724w, https:\/\/sudeducation6440.org\/wp-content\/uploads\/2023\/12\/2023-11-29-Communique-unitaire-CSL-LP-724x1024-1-212x300.png 212w\" sizes=\"auto, (max-width: 724px) 100vw, 724px\" \/><\/figure>\n\n\n\n<p><strong><br><\/strong><\/p>\n","protected":false},"excerpt":{"rendered":"<p>Gr\u00e8ve le 12\/12 pour le retrait du projet de r\u00e9forme Grandjean contre le lyc\u00e9e professionnel \u2022 Tract f\u00e9d\u00e9ral de SUD \u00e9ducation \u2022 Communiqu\u00e9 unitaire intersyndical<\/p>\n","protected":false},"author":1,"featured_media":923,"comment_status":"open","ping_status":"open","sticky":false,"template":"","format":"standard","meta":{"footnotes":""},"categories":[6,9,13,15,31,23],"tags":[40,42,49,36,44],"class_list":["post-922","post","type-post","status-publish","format-standard","has-post-thumbnail","hentry","category-conditions-de-travail","category-enseignement-professionnel","category-luttes-dans-leducation","category-manifs-rassemblements","category-second-degre","category-tracts-communiques","tag-conditions-de-travail","tag-luttes-dans-leducation","tag-lycee-pro","tag-manifs-rassemblements","tag-second-degre","entry","has-media"],"_links":{"self":[{"href":"https:\/\/sudeducation6440.org\/index.php\/wp-json\/wp\/v2\/posts\/922","targetHints":{"allow":["GET"]}}],"collection":[{"href":"https:\/\/sudeducation6440.org\/index.php\/wp-json\/wp\/v2\/posts"}],"about":[{"href":"https:\/\/sudeducation6440.org\/index.php\/wp-json\/wp\/v2\/types\/post"}],"author":[{"embeddable":true,"href":"https:\/\/sudeducation6440.org\/index.php\/wp-json\/wp\/v2\/users\/1"}],"replies":[{"embeddable":true,"href":"https:\/\/sudeducation6440.org\/index.php\/wp-json\/wp\/v2\/comments?post=922"}],"version-history":[{"count":3,"href":"https:\/\/sudeducation6440.org\/index.php\/wp-json\/wp\/v2\/posts\/922\/revisions"}],"predecessor-version":[{"id":953,"href":"https:\/\/sudeducation6440.org\/index.php\/wp-json\/wp\/v2\/posts\/922\/revisions\/953"}],"wp:featuredmedia":[{"embeddable":true,"href":"https:\/\/sudeducation6440.org\/index.php\/wp-json\/wp\/v2\/media\/923"}],"wp:attachment":[{"href":"https:\/\/sudeducation6440.org\/index.php\/wp-json\/wp\/v2\/media?parent=922"}],"wp:term":[{"taxonomy":"category","embeddable":true,"href":"https:\/\/sudeducation6440.org\/index.php\/wp-json\/wp\/v2\/categories?post=922"},{"taxonomy":"post_tag","embeddable":true,"href":"https:\/\/sudeducation6440.org\/index.php\/wp-json\/wp\/v2\/tags?post=922"}],"curies":[{"name":"wp","href":"https:\/\/api.w.org\/{rel}","templated":true}]}}