{"id":955,"date":"2023-12-08T10:57:48","date_gmt":"2023-12-08T09:57:48","guid":{"rendered":"https:\/\/sudeducation6440.org\/?p=955"},"modified":"2023-12-08T11:26:08","modified_gmt":"2023-12-08T10:26:08","slug":"rassemblement-le-14-12-contre-le-college-attal","status":"publish","type":"post","link":"https:\/\/sudeducation6440.org\/index.php\/2023\/12\/08\/rassemblement-le-14-12-contre-le-college-attal\/","title":{"rendered":"Rassemblement le 14\/12 contre le \u00ab\u00a0coll\u00e8ge Attal\u00a0\u00bb"},"content":{"rendered":"\n<p><strong><span style=\"text-decoration: underline;\">\u2022 Communiqu\u00e9 intersyndical du 64 :<\/span><\/strong><\/p>\n\n\n\n<div data-wp-interactive=\"core\/file\" class=\"wp-block-file\"><object data-wp-bind--hidden=\"!state.hasPdfPreview\" hidden class=\"wp-block-file__embed\" data=\"https:\/\/sudeducation6440.org\/wp-content\/uploads\/2023\/12\/Communique-intersyndical.pdf\" type=\"application\/pdf\" style=\"width:100%;height:600px\" aria-label=\"Contenu embarqu\u00e9 Communique-intersyndical.\"><\/object><a id=\"wp-block-file--media-7f936dd7-b050-4988-96ff-3a55e2b8a16b\" href=\"https:\/\/sudeducation6440.org\/wp-content\/uploads\/2023\/12\/Communique-intersyndical.pdf\">Communique-intersyndical<\/a><a href=\"https:\/\/sudeducation6440.org\/wp-content\/uploads\/2023\/12\/Communique-intersyndical.pdf\" class=\"wp-block-file__button wp-element-button\" download aria-describedby=\"wp-block-file--media-7f936dd7-b050-4988-96ff-3a55e2b8a16b\">Download<\/a><\/div>\n\n\n\n<p><strong><span style=\"text-decoration: underline;\">\u2022 Communiqu\u00e9 f\u00e9d\u00e9ral de SUD \u00e9ducation : \u00ab\u00a0Attal fait le choix des in\u00e9galit\u00e9s\u00a0\u00bb<\/span><\/strong><\/p>\n\n\n\n<div data-wp-interactive=\"core\/file\" class=\"wp-block-file\"><object data-wp-bind--hidden=\"!state.hasPdfPreview\" hidden class=\"wp-block-file__embed\" data=\"https:\/\/sudeducation6440.org\/wp-content\/uploads\/2023\/12\/Annonces-pour-leducation-le-Ministre-Attal-fait-le-choix-des-inegalites-.pdf\" type=\"application\/pdf\" style=\"width:100%;height:600px\" aria-label=\"Contenu embarqu\u00e9 Annonces-pour-leducation-le-Ministre-Attal-fait-le-choix-des-inegalites-.\"><\/object><a id=\"wp-block-file--media-e5bea815-ed51-4482-9b98-8bbd7254916d\" href=\"https:\/\/sudeducation6440.org\/wp-content\/uploads\/2023\/12\/Annonces-pour-leducation-le-Ministre-Attal-fait-le-choix-des-inegalites-.pdf\">Annonces-pour-leducation-le-Ministre-Attal-fait-le-choix-des-inegalites-<\/a><a href=\"https:\/\/sudeducation6440.org\/wp-content\/uploads\/2023\/12\/Annonces-pour-leducation-le-Ministre-Attal-fait-le-choix-des-inegalites-.pdf\" class=\"wp-block-file__button wp-element-button\" download aria-describedby=\"wp-block-file--media-e5bea815-ed51-4482-9b98-8bbd7254916d\">Download<\/a><\/div>\n","protected":false},"excerpt":{"rendered":"<p>\u2022 Communiqu\u00e9 intersyndical du 64 : \u2022 Communiqu\u00e9 f\u00e9d\u00e9ral de SUD \u00e9ducation : \u00ab\u00a0Attal fait le choix des in\u00e9galit\u00e9s\u00a0\u00bb<\/p>\n","protected":false},"author":1,"featured_media":0,"comment_status":"open","ping_status":"open","sticky":false,"template":"","format":"standard","meta":{"footnotes":""},"categories":[6,11,13,15,31,23],"tags":[40,41,42,36,44],"class_list":["post-955","post","type-post","status-publish","format-standard","hentry","category-conditions-de-travail","category-intersyndical","category-luttes-dans-leducation","category-manifs-rassemblements","category-second-degre","category-tracts-communiques","tag-conditions-de-travail","tag-interdsyndical","tag-luttes-dans-leducation","tag-manifs-rassemblements","tag-second-degre","entry"],"_links":{"self":[{"href":"https:\/\/sudeducation6440.org\/index.php\/wp-json\/wp\/v2\/posts\/955","targetHints":{"allow":["GET"]}}],"collection":[{"href":"https:\/\/sudeducation6440.org\/index.php\/wp-json\/wp\/v2\/posts"}],"about":[{"href":"https:\/\/sudeducation6440.org\/index.php\/wp-json\/wp\/v2\/types\/post"}],"author":[{"embeddable":true,"href":"https:\/\/sudeducation6440.org\/index.php\/wp-json\/wp\/v2\/users\/1"}],"replies":[{"embeddable":true,"href":"https:\/\/sudeducation6440.org\/index.php\/wp-json\/wp\/v2\/comments?post=955"}],"version-history":[{"count":2,"href":"https:\/\/sudeducation6440.org\/index.php\/wp-json\/wp\/v2\/posts\/955\/revisions"}],"predecessor-version":[{"id":961,"href":"https:\/\/sudeducation6440.org\/index.php\/wp-json\/wp\/v2\/posts\/955\/revisions\/961"}],"wp:attachment":[{"href":"https:\/\/sudeducation6440.org\/index.php\/wp-json\/wp\/v2\/media?parent=955"}],"wp:term":[{"taxonomy":"category","embeddable":true,"href":"https:\/\/sudeducation6440.org\/index.php\/wp-json\/wp\/v2\/categories?post=955"},{"taxonomy":"post_tag","embeddable":true,"href":"https:\/\/sudeducation6440.org\/index.php\/wp-json\/wp\/v2\/tags?post=955"}],"curies":[{"name":"wp","href":"https:\/\/api.w.org\/{rel}","templated":true}]}}